{"id":78296,"date":"2026-01-16T00:13:07","date_gmt":"2026-01-16T06:13:07","guid":{"rendered":"https:\/\/politicosaldesnudo.com.mx\/?p=78296"},"modified":"2026-01-15T23:50:15","modified_gmt":"2026-01-16T05:50:15","slug":"congreso-de-jalisco-exhorta-a-lemus-a-frenar-tarifazo-a-transporte","status":"publish","type":"post","link":"https:\/\/politicosaldesnudo.com.mx\/index.php\/2026\/01\/16\/congreso-de-jalisco-exhorta-a-lemus-a-frenar-tarifazo-a-transporte\/","title":{"rendered":"Congreso de Jalisco exhorta a Lemus a frenar &#8216;tarifazo&#8217; a transporte"},"content":{"rendered":"<p class=\"nota-justify\">El Congreso del Estado aprob\u00f3 exhortar al gobernador Pablo Lemus a vetar \u201cde manera inmediata\u201d el incremento a la tarifa del transporte p\u00fablico de 9.50 a 14 pesos, a fin de que dicho ajuste sea revisado \u201ccon mayor rigor t\u00e9cnico, social y viabilidad presupuestal\u201d.<\/p>\n<p class=\"nota-justify\">En sesi\u00f3n extraordinaria este jueves, los diputados acordaron tambi\u00e9n solicitar al Consejo de Participaci\u00f3n Ciudadana y Popular de Jalisco (CPCPJ) que sean ellos quienes convoquen al mecanismo de referendo sobre el acuerdo tomado por Lemus para autorizar el aumento a la tarifa de un servicio que, en su gran mayor\u00eda, utilizan a diario las personas con menor poder adquisitivo.<\/p>\n<p class=\"nota-justify\">Una primera solicitud de referendo fue hecha hace tres d\u00edas a t\u00edtulo personal por diputadas del partido Futuro. Tras abrirse la plataforma del Instituto Electoral y de Participaci\u00f3n Ciudadana de Jalisco (IEPCJ) para recabar firmas de manera electr\u00f3nica, se hab\u00eda logrado hasta este jueves m\u00e1s del 250 por ciento de las necesarias para iniciar el proceso de participaci\u00f3n ciudadana que podr\u00eda detener el tarifazo.<\/p>\n<p class=\"nota-justify\">La sesi\u00f3n legislativa gir\u00f3 en torno al acuerdo de Lemus con empresarios camioneros para aumentar poco m\u00e1s de 47 por ciento la tarifa. Y en su intenci\u00f3n de obligar a la ciudadan\u00eda a ingresar a un esquema bancario mediante una tarjeta de d\u00e9bito con la que se podr\u00e1 pagar el pasaje del transporte p\u00fablico en 11 y no 14 pesos, pero por la cual tambi\u00e9n se tendr\u00e1n que entregar datos biom\u00e9tricos y de geolocalizaci\u00f3n, entre otros pormenores personales.<\/p>\n<p class=\"nota-justify\">Se aprob\u00f3 exhortar a la Contralor\u00eda del Estado para que realice la revisi\u00f3n del proceso de adjudicaci\u00f3n de la licitaci\u00f3n p\u00fablica relativa a la expedici\u00f3n y operaci\u00f3n de la tarjeta anunciada por Lemus y para la cual el gobierno estatal abri\u00f3 un prerregistro en l\u00ednea, otorgado a la empresa Servicios Broxel y que remita un informe p\u00fablico detallado de los resultados y hallazgos.<\/p>\n<p class=\"nota-justify\">A la Auditor\u00eda Superior del Estado se instruy\u00f3 revisar el contrato adjudicado en octubre de 2025 a Broxel, la cual recibi\u00f3 para el registro de tarjetas 272 millones 600 mil pesos y recibir\u00e1, cada mes tambi\u00e9n del erario estatal, 5.45 pesos por pl\u00e1stico en uso, lo que podr\u00eda sumar otros 27 millones al mes.<\/p>\n<p class=\"nota-justify\">Los diputados adem\u00e1s crearon una comisi\u00f3n especial de car\u00e1cter temporal para vigilar la mejora del servicio del transporte p\u00fablico, la cual ser\u00e1 integrada por una diputada o diputado de cada grupo parlamentario.<\/p>\n<p class=\"nota-justify\">Entre sus atribuciones estar\u00e1 revisar y diagnosticar las condiciones del servicio, coordinarse con el Observatorio Ciudadano de Movilidad y Transporte P\u00fablico, auditar a concesionarios y operadores, y emitir un dictamen t\u00e9cnico que determine si se cumplen las condiciones para mantener la tarifa de 14 pesos o si procede su reducci\u00f3n a 9.50 pesos.<\/p>\n<p class=\"nota-justify\">En la sesi\u00f3n se aprob\u00f3 tambi\u00e9n solicitar a las secretar\u00edas de Hacienda P\u00fablica y de Transporte un informe t\u00e9cnico consolidado sobre el incremento tarifario, que incluya la metodolog\u00eda utilizada, el an\u00e1lisis de indexaci\u00f3n, el impacto social y presupuestal, adem\u00e1s del mecanismo de subsidio por viaje. Tambi\u00e9n se acord\u00f3 solicitar la comparecencia de los titulares de ambas dependencias.<\/p>\n<p class=\"nota-justify\">En tanto avanza los procesos en el Congreso y en el IEPCJ, organizaciones, colectivos y partidos pol\u00edticos anuncian nuevas movilizaciones contra el tarifazo, la m\u00e1s cercana este s\u00e1bado por la tarde luego que una semana atr\u00e1s se realiz\u00f3 la m\u00e1s numerosa.<\/p>\n<p class=\"nota-justify\">Despu\u00e9s de esa manifestaci\u00f3n del s\u00e1bado 10 de enero, lejos de la zona donde se realiz\u00f3 el mitin, polic\u00edas estatales que los fueron siguiendo a bordo de patrullas o en pelot\u00f3n, cerrando avenida Ju\u00e1rez con apoyo de polic\u00edas viales, se llevaron a dos estudiantes y a otros dos hombres a quienes, seg\u00fan denuncian diversos organismos, amenazaron y torturaron antes de que los dejaran en libertad horas despu\u00e9s.<\/p>\n","protected":false},"excerpt":{"rendered":"<p>El Congreso del Estado aprob\u00f3 exhortar al gobernador Pablo Lemus a vetar \u201cde manera inmediata\u201d el incremento a la tarifa<\/p>\n","protected":false},"author":4,"featured_media":78297,"comment_status":"closed","ping_status":"closed","sticky":false,"template":"","format":"standard","meta":{"colormag_page_container_layout":"default_layout","colormag_page_sidebar_layout":"default_layout","_jetpack_memberships_contains_paid_content":false,"footnotes":"","jetpack_publicize_message":"","jetpack_publicize_feature_enabled":true,"jetpack_social_post_already_shared":true,"jetpack_social_options":{"image_generator_settings":{"template":"highway","default_image_id":0,"font":"","enabled":false},"version":2}},"categories":[30],"tags":[],"class_list":["post-78296","post","type-post","status-publish","format-standard","has-post-thumbnail","hentry","category-estados"],"jetpack_publicize_connections":[],"jetpack_featured_media_url":"https:\/\/i0.wp.com\/politicosaldesnudo.com.mx\/wp-content\/uploads\/2026\/01\/TARI.jpg?fit=1200%2C675&ssl=1","jetpack-related-posts":[],"jetpack_sharing_enabled":true,"_links":{"self":[{"href":"https:\/\/politicosaldesnudo.com.mx\/index.php\/wp-json\/wp\/v2\/posts\/78296","targetHints":{"allow":["GET"]}}],"collection":[{"href":"https:\/\/politicosaldesnudo.com.mx\/index.php\/wp-json\/wp\/v2\/posts"}],"about":[{"href":"https:\/\/politicosaldesnudo.com.mx\/index.php\/wp-json\/wp\/v2\/types\/post"}],"author":[{"embeddable":true,"href":"https:\/\/politicosaldesnudo.com.mx\/index.php\/wp-json\/wp\/v2\/users\/4"}],"replies":[{"embeddable":true,"href":"https:\/\/politicosaldesnudo.com.mx\/index.php\/wp-json\/wp\/v2\/comments?post=78296"}],"version-history":[{"count":0,"href":"https:\/\/politicosaldesnudo.com.mx\/index.php\/wp-json\/wp\/v2\/posts\/78296\/revisions"}],"wp:featuredmedia":[{"embeddable":true,"href":"https:\/\/politicosaldesnudo.com.mx\/index.php\/wp-json\/wp\/v2\/media\/78297"}],"wp:attachment":[{"href":"https:\/\/politicosaldesnudo.com.mx\/index.php\/wp-json\/wp\/v2\/media?parent=78296"}],"wp:term":[{"taxonomy":"category","embeddable":true,"href":"https:\/\/politicosaldesnudo.com.mx\/index.php\/wp-json\/wp\/v2\/categories?post=78296"},{"taxonomy":"post_tag","embeddable":true,"href":"https:\/\/politicosaldesnudo.com.mx\/index.php\/wp-json\/wp\/v2\/tags?post=78296"}],"curies":[{"name":"wp","href":"https:\/\/api.w.org\/{rel}","templated":true}]}}