{"id":78299,"date":"2026-01-16T00:14:44","date_gmt":"2026-01-16T06:14:44","guid":{"rendered":"https:\/\/politicosaldesnudo.com.mx\/?p=78299"},"modified":"2026-01-15T23:51:45","modified_gmt":"2026-01-16T05:51:45","slug":"chiapas-comienzan-acciones-de-prevencion-para-temporada-de-incendios-forestales","status":"publish","type":"post","link":"https:\/\/politicosaldesnudo.com.mx\/index.php\/2026\/01\/16\/chiapas-comienzan-acciones-de-prevencion-para-temporada-de-incendios-forestales\/","title":{"rendered":"Chiapas: comienzan acciones de prevenci\u00f3n para temporada de incendios forestales"},"content":{"rendered":"<p class=\"nota-justify\">La Secretar\u00eda de Protecci\u00f3n Civil estatal inform\u00f3 que coordin\u00f3 la Acci\u00f3n Simult\u00e1nea de Prevenci\u00f3n ante la temporada de incendios 2026, a la que por primera vez se unieron 17 municipios con mayor vulnerabilidad a incendios de pastizales y forestales, para la apertura estrat\u00e9gica de brechas cortafuego, lo que permite crear l\u00edneas de contenci\u00f3n que limitan la propagaci\u00f3n del fuego, contribuyendo a la seguridad comunitaria y a la conservaci\u00f3n ambiental en la regi\u00f3n.<\/p>\n<p class=\"nota-justify\">En un comunicado explic\u00f3 que el objetivo es salvaguardar el patrimonio natural del estado y garantizar la seguridad de la poblaci\u00f3n, iniciativa que forma parte del programa integral Un Chiapas sin incendios, \u201cdise\u00f1ada para romper con la tendencia hist\u00f3rica que ha situado a la entidad en los primeros lugares de quemas e incendios a nivel nacional\u201d.<\/p>\n<p class=\"nota-justify\">El titular de la dependencia, Mauricio Cordero Rodr\u00edguez, dijo que \u201ca pesar de que Chiapas es propenso y vulnerable a las quemas debido a su geograf\u00eda y las condiciones climatol\u00f3gicas, durante el 2025 se posicion\u00f3 en los primeros sitios a nivel nacional y hoy ocupa el lugar n\u00famero 12 en cuanto a incendios y superficie afectada\u201d.<\/p>\n<p class=\"nota-justify\">Se\u00f1al\u00f3 que \u201ccon la finalidad de continuar disminuyendo estas estad\u00edsticas se realiz\u00f3 esta acci\u00f3n simult\u00e1nea abarcando puntos estrat\u00e9gicos en los municipios de Ocosingo, Chanal, Arriaga, Jiquipilas, Villaflores, La Concordia, Villa Corzo, Acala, Villa Comaltitl\u00e1n, Chicomuselo, Las Margaritas, Ocozocoautla, Cintalapa, Tonal\u00e1, Pijijiapan y Comit\u00e1n de Dom\u00ednguez\u201d.<\/p>\n<p class=\"nota-justify\">A\u00f1adi\u00f3 que el \u00e9xito de esta jornada responde a la suma de esfuerzos entre los tres \u00f3rdenes de gobierno a trav\u00e9s del Sistema Estatal de Protecci\u00f3n Civil, conformado por la Guardia Nacional, las secretar\u00edas de la Defensa Nacional, de Seguridad del Pueblo, de Agricultura y Desarrollo Rural, de Medio Ambiente e Historia Natural y General de Gobierno y Mediaci\u00f3n, as\u00ed como por la Comisi\u00f3n Nacional de \u00c1reas Naturales Protegidas, Comisi\u00f3n Nacional Forestal, Fiscal\u00eda General del Estado, Procuradur\u00eda Ambiental del Estado, Instituto de Bomberos de Chiapas, presidentes municipales, Comit\u00e9s Humanistas y poblaci\u00f3n en general.<\/p>\n","protected":false},"excerpt":{"rendered":"<p>La Secretar\u00eda de Protecci\u00f3n Civil estatal inform\u00f3 que coordin\u00f3 la Acci\u00f3n Simult\u00e1nea de Prevenci\u00f3n ante la temporada de incendios 2026,<\/p>\n","protected":false},"author":4,"featured_media":78300,"comment_status":"closed","ping_status":"closed","sticky":false,"template":"","format":"standard","meta":{"colormag_page_container_layout":"default_layout","colormag_page_sidebar_layout":"default_layout","_jetpack_memberships_contains_paid_content":false,"footnotes":"","jetpack_publicize_message":"","jetpack_publicize_feature_enabled":true,"jetpack_social_post_already_shared":true,"jetpack_social_options":{"image_generator_settings":{"template":"highway","default_image_id":0,"font":"","enabled":false},"version":2}},"categories":[30],"tags":[],"class_list":["post-78299","post","type-post","status-publish","format-standard","has-post-thumbnail","hentry","category-estados"],"jetpack_publicize_connections":[],"jetpack_featured_media_url":"https:\/\/i0.wp.com\/politicosaldesnudo.com.mx\/wp-content\/uploads\/2026\/01\/LOSIN.jpg?fit=1200%2C800&ssl=1","jetpack-related-posts":[],"jetpack_sharing_enabled":true,"_links":{"self":[{"href":"https:\/\/politicosaldesnudo.com.mx\/index.php\/wp-json\/wp\/v2\/posts\/78299","targetHints":{"allow":["GET"]}}],"collection":[{"href":"https:\/\/politicosaldesnudo.com.mx\/index.php\/wp-json\/wp\/v2\/posts"}],"about":[{"href":"https:\/\/politicosaldesnudo.com.mx\/index.php\/wp-json\/wp\/v2\/types\/post"}],"author":[{"embeddable":true,"href":"https:\/\/politicosaldesnudo.com.mx\/index.php\/wp-json\/wp\/v2\/users\/4"}],"replies":[{"embeddable":true,"href":"https:\/\/politicosaldesnudo.com.mx\/index.php\/wp-json\/wp\/v2\/comments?post=78299"}],"version-history":[{"count":0,"href":"https:\/\/politicosaldesnudo.com.mx\/index.php\/wp-json\/wp\/v2\/posts\/78299\/revisions"}],"wp:featuredmedia":[{"embeddable":true,"href":"https:\/\/politicosaldesnudo.com.mx\/index.php\/wp-json\/wp\/v2\/media\/78300"}],"wp:attachment":[{"href":"https:\/\/politicosaldesnudo.com.mx\/index.php\/wp-json\/wp\/v2\/media?parent=78299"}],"wp:term":[{"taxonomy":"category","embeddable":true,"href":"https:\/\/politicosaldesnudo.com.mx\/index.php\/wp-json\/wp\/v2\/categories?post=78299"},{"taxonomy":"post_tag","embeddable":true,"href":"https:\/\/politicosaldesnudo.com.mx\/index.php\/wp-json\/wp\/v2\/tags?post=78299"}],"curies":[{"name":"wp","href":"https:\/\/api.w.org\/{rel}","templated":true}]}}