{"id":7840,"date":"2022-07-15T18:32:13","date_gmt":"2022-07-15T23:32:13","guid":{"rendered":"https:\/\/politicosaldesnudo.com.mx\/?p=7840"},"modified":"2022-07-15T18:32:13","modified_gmt":"2022-07-15T23:32:13","slug":"en-guanajuato-policias-dan-clases-a-estudiantes-para-usar-armas","status":"publish","type":"post","link":"https:\/\/politicosaldesnudo.com.mx\/index.php\/2022\/07\/15\/en-guanajuato-policias-dan-clases-a-estudiantes-para-usar-armas\/","title":{"rendered":"En Guanajuato, polic\u00edas dan clases a estudiantes para usar armas"},"content":{"rendered":"<p>&nbsp;<\/p>\n<p class=\"p1\"><span style=\"font-size: 14pt;\"><strong><i>LE\u00d3N, Gto.<\/i>\u00a0<\/strong>En el <strong>municipio panista de la Pur\u00edsima del Rinc\u00f3n<\/strong>, gobernado por <strong>Roberto Garc\u00eda Urbano<\/strong> en una <strong>pl\u00e1tica de prevenci\u00f3n de adicciones a estudiantes de secundaria<\/strong> termin\u00f3 en una <strong>clase para manipular armas largas y cortas<\/strong>.<span class=\"Apple-converted-space\">\u00a0<\/span><\/span><\/p>\n<p class=\"p1\"><span style=\"font-size: 18pt;\"><strong>En redes sociales circulan las fotos de estudiantes de la secundaria t\u00e9cnica 54 Mariano Matamoros manipulado armas prestado por polic\u00edas municipales.<span class=\"Apple-converted-space\">\u00a0<\/span><\/strong><\/span><\/p>\n<p class=\"p1\"><span style=\"font-size: 18pt;\"><strong>A este hecho el titular de la Procuradur\u00eda de los Derechos Humanos del Estado de Guanajuato, Vicente Esqueda, pidi\u00f3 investigar y sancionar a los responsables de autorizar dicho uso.<span class=\"Apple-converted-space\">\u00a0<\/span><\/strong><\/span><\/p>\n<blockquote>\n<p class=\"p1\"><span style=\"font-size: 14pt;\">La manipulaci\u00f3n de armas de fuego representa un riesgo. No sabemos si esas armas estaban descargadas, no serv\u00edan o eran de utiler\u00eda\u201d<\/span><\/p>\n<\/blockquote>\n<p><img data-recalc-dims=\"1\" loading=\"lazy\" decoding=\"async\" class=\"aligncenter wp-image-7843\" src=\"https:\/\/i0.wp.com\/politicosaldesnudo.com.mx\/wp-content\/uploads\/2022\/07\/113371657901400armasninoasnan-300x240.jpeg?resize=700%2C560&#038;ssl=1\" alt=\"\" width=\"700\" height=\"560\" srcset=\"https:\/\/i0.wp.com\/politicosaldesnudo.com.mx\/wp-content\/uploads\/2022\/07\/113371657901400armasninoasnan.jpeg?resize=300%2C240&amp;ssl=1 300w, https:\/\/i0.wp.com\/politicosaldesnudo.com.mx\/wp-content\/uploads\/2022\/07\/113371657901400armasninoasnan.jpeg?w=426&amp;ssl=1 426w\" sizes=\"auto, (max-width: 700px) 100vw, 700px\" \/><\/p>\n<p class=\"p1\"><span style=\"color: #319eca; font-size: 18pt;\"><strong>GUANAJUATO VIOLENTO<span class=\"Apple-converted-space\">\u00a0<\/span><\/strong><\/span><\/p>\n<p class=\"p1\"><span style=\"font-size: 18pt;\"><strong>De acuerdo con el\u00a0<i>Informe de incidencia delictiva del fuero com\u00fan<\/i>\u00a0del Secretariado Ejecutivo Nacional de Seguridad P\u00fablica, Guanajuato ha sido el estado m\u00e1s violento durante tres a\u00f1os consecutivos, tras retomar el liderazgo en el primer trimestre de 2022.<\/strong><\/span><\/p>\n<p class=\"p1\"><span style=\"font-size: 18pt;\"><strong>A\u00fan as\u00ed con este antecedente se muestra a una alumna con los brazos estirados al frente empu\u00f1ando una pistola y un oficial le explica c\u00f3mo manipularla.<\/strong><\/span><\/p>\n<p class=\"p1\"><span style=\"font-size: 14pt;\">No es \u201cadecuado\u201d que menores de edad manipulen armas de fuego, insisti\u00f3 el\u00a0<i>ombudsman,<\/i>\u00a0y dej\u00f3 entrever que el asunto tiene car\u00e1cter de falta administrativa.<\/span><\/p>\n<blockquote>\n<p class=\"p1\"><span style=\"font-size: 14pt;\">Yo exhortar\u00eda a las autoridades, al ayuntamiento y al presidente municipal a que hagan una investigaci\u00f3n, que se revisen todos los detalles en torno a esta pr\u00e1ctica\u201d, solicit\u00f3 Esqueda.<\/span><\/p>\n<\/blockquote>\n<p class=\"p1\"><span style=\"font-size: 18pt;\"><strong>Agreg\u00f3 que se debe indagar si las autoridades educativas y los padres de familia fueron informados sobre si la pl\u00e1tica incluir\u00eda el manejo de armas de fuego.<\/strong><\/span><\/p>\n<p><img data-recalc-dims=\"1\" loading=\"lazy\" decoding=\"async\" class=\"aligncenter wp-image-7842 size-large\" src=\"https:\/\/i0.wp.com\/politicosaldesnudo.com.mx\/wp-content\/uploads\/2022\/07\/P-GUANAJUATO2-1024x573.png?resize=800%2C448&#038;ssl=1\" alt=\"\" width=\"800\" height=\"448\" srcset=\"https:\/\/i0.wp.com\/politicosaldesnudo.com.mx\/wp-content\/uploads\/2022\/07\/P-GUANAJUATO2.png?resize=1024%2C573&amp;ssl=1 1024w, https:\/\/i0.wp.com\/politicosaldesnudo.com.mx\/wp-content\/uploads\/2022\/07\/P-GUANAJUATO2.png?resize=300%2C168&amp;ssl=1 300w, https:\/\/i0.wp.com\/politicosaldesnudo.com.mx\/wp-content\/uploads\/2022\/07\/P-GUANAJUATO2.png?resize=768%2C430&amp;ssl=1 768w, https:\/\/i0.wp.com\/politicosaldesnudo.com.mx\/wp-content\/uploads\/2022\/07\/P-GUANAJUATO2.png?resize=1536%2C859&amp;ssl=1 1536w, https:\/\/i0.wp.com\/politicosaldesnudo.com.mx\/wp-content\/uploads\/2022\/07\/P-GUANAJUATO2.png?w=1816&amp;ssl=1 1816w, https:\/\/i0.wp.com\/politicosaldesnudo.com.mx\/wp-content\/uploads\/2022\/07\/P-GUANAJUATO2.png?w=1600&amp;ssl=1 1600w\" sizes=\"auto, (max-width: 800px) 100vw, 800px\" \/><\/p>\n<p>&nbsp;<\/p>\n<blockquote>\n<p class=\"p1\"><span style=\"font-size: 14pt;\">Se tiene que hacer una investigaci\u00f3n para que la sociedad tenga claro qu\u00e9 fue lo que pas\u00f3. No tendr\u00eda elementos para dar una opini\u00f3n m\u00e1s a fondo porque se tienen que investigar los detalles\u201d<\/span><\/p>\n<\/blockquote>\n<p class=\"p1\"><span style=\"font-size: 18pt;\"><strong>Dijo que las autoridades \u201cdeben explicar cu\u00e1l fue el objetivo de esta pr\u00e1ctica porque, insisto, no es adecuado ense\u00f1ar a menores a manipular armas\u201d, aunque acept\u00f3 que la Procuradur\u00eda de los Derechos Humanos no ha recibido quejas de padres de familia.<\/strong><\/span><\/p>\n<p class=\"p1\"><span style=\"font-size: 14pt;\">Por otra parte, Vicente Esqueda dio a conocer que integr\u00f3 una queja por oficio derivado de un video donde se observa a dos polic\u00edas de Celaya, municipio gobernado por el panista Javier Francisco Mendoza M\u00e1rquez, que intentan someter a un joven, quien escapa y despu\u00e9s se escucha un disparo.<\/span><\/p>\n<blockquote>\n<p class=\"p1\"><span style=\"font-size: 14pt;\">Es un desafortunado suceso que qued\u00f3 plasmado en video. No tuve acceso a otro m\u00e1s extenso, pero con los elementos que ah\u00ed se observan y con la presunci\u00f3n clara de una violaci\u00f3n a los derechos humanos, ayer (mi\u00e9rcoles) se inici\u00f3 el expediente 833\/2022-C\u201d, especific\u00f3 la defensor\u00eda estatal y agreg\u00f3 que ya solicit\u00f3 un informe detallado a la secretar\u00eda de seguridad de Celaya.<\/span><\/p>\n<\/blockquote>\n<p>&nbsp;<\/p>\n<p>&nbsp;<\/p>\n<p>&nbsp;<\/p>\n<p>&nbsp;<\/p>\n","protected":false},"excerpt":{"rendered":"<p>&nbsp; LE\u00d3N, Gto.\u00a0En el municipio panista de la Pur\u00edsima del Rinc\u00f3n, gobernado por Roberto Garc\u00eda Urbano en una pl\u00e1tica de<\/p>\n","protected":false},"author":4,"featured_media":7841,"comment_status":"closed","ping_status":"closed","sticky":false,"template":"","format":"standard","meta":{"colormag_page_container_layout":"default_layout","colormag_page_sidebar_layout":"default_layout","_jetpack_memberships_contains_paid_content":false,"footnotes":"","jetpack_publicize_message":"","jetpack_publicize_feature_enabled":true,"jetpack_social_post_already_shared":false,"jetpack_social_options":{"image_generator_settings":{"template":"highway","default_image_id":0,"font":"","enabled":false},"version":2}},"categories":[30],"tags":[340,1151,1149,103,1114,1150],"class_list":["post-7840","post","type-post","status-publish","format-standard","has-post-thumbnail","hentry","category-estados","tag-armas","tag-estudiantes","tag-guanajuato","tag-pan","tag-policia","tag-secundaria"],"jetpack_publicize_connections":[],"jetpack_featured_media_url":"https:\/\/i0.wp.com\/politicosaldesnudo.com.mx\/wp-content\/uploads\/2022\/07\/P-GUANAJUATO1.png?fit=1816%2C1016&ssl=1","jetpack-related-posts":[],"jetpack_sharing_enabled":true,"_links":{"self":[{"href":"https:\/\/politicosaldesnudo.com.mx\/index.php\/wp-json\/wp\/v2\/posts\/7840","targetHints":{"allow":["GET"]}}],"collection":[{"href":"https:\/\/politicosaldesnudo.com.mx\/index.php\/wp-json\/wp\/v2\/posts"}],"about":[{"href":"https:\/\/politicosaldesnudo.com.mx\/index.php\/wp-json\/wp\/v2\/types\/post"}],"author":[{"embeddable":true,"href":"https:\/\/politicosaldesnudo.com.mx\/index.php\/wp-json\/wp\/v2\/users\/4"}],"replies":[{"embeddable":true,"href":"https:\/\/politicosaldesnudo.com.mx\/index.php\/wp-json\/wp\/v2\/comments?post=7840"}],"version-history":[{"count":0,"href":"https:\/\/politicosaldesnudo.com.mx\/index.php\/wp-json\/wp\/v2\/posts\/7840\/revisions"}],"wp:featuredmedia":[{"embeddable":true,"href":"https:\/\/politicosaldesnudo.com.mx\/index.php\/wp-json\/wp\/v2\/media\/7841"}],"wp:attachment":[{"href":"https:\/\/politicosaldesnudo.com.mx\/index.php\/wp-json\/wp\/v2\/media?parent=7840"}],"wp:term":[{"taxonomy":"category","embeddable":true,"href":"https:\/\/politicosaldesnudo.com.mx\/index.php\/wp-json\/wp\/v2\/categories?post=7840"},{"taxonomy":"post_tag","embeddable":true,"href":"https:\/\/politicosaldesnudo.com.mx\/index.php\/wp-json\/wp\/v2\/tags?post=7840"}],"curies":[{"name":"wp","href":"https:\/\/api.w.org\/{rel}","templated":true}]}}