{"id":78447,"date":"2026-01-20T00:01:47","date_gmt":"2026-01-20T06:01:47","guid":{"rendered":"https:\/\/politicosaldesnudo.com.mx\/?p=78447"},"modified":"2026-01-19T22:19:19","modified_gmt":"2026-01-20T04:19:19","slug":"ignoran-a-tuxpan-en-eco-navidad","status":"publish","type":"post","link":"https:\/\/politicosaldesnudo.com.mx\/index.php\/2026\/01\/20\/ignoran-a-tuxpan-en-eco-navidad\/","title":{"rendered":"Ignoran a Tuxpan en \u201cEco Navidad\u201d"},"content":{"rendered":"<p>A pesar de que desde hace varios a\u00f1os en Tuxpan se habilitan puntos para la recolecci\u00f3n de \u00e1rboles naturales de Navidad con el fin de darles una correcta disposici\u00f3n tras la temporada navide\u00f1a, en esta ocasi\u00f3n el municipio no fue contemplado dentro de la campa\u00f1a estatal \u201cEco Navidad\u201d.<\/p>\n<p>De acuerdo con la informaci\u00f3n oficial de la campa\u00f1a, actualmente existen m\u00e1s de 180 centros de acopio distribuidos en el estado de Veracruz, los cuales buscan otorgar una \u201csegunda vida\u201d a los arbolitos navide\u00f1os naturales mediante procesos de reciclaje. La iniciativa estar\u00e1 vigente del 12 de enero al 27 de febrero de 2026.<\/p>\n<p>Sin embargo, Tuxpan no se encuentra dentro de los municipios participantes, por lo que no habr\u00e1 centros de acopio vinculados a esta campa\u00f1a en la ciudad, a diferencia de a\u00f1os anteriores donde s\u00ed operaban puntos para dep\u00f3sito y reciclaje de pinos navide\u00f1os.<\/p>\n<p>Hasta el momento no se ha informado si el Ayuntamiento implementar\u00e1 un esquema propio de recolecci\u00f3n o disposici\u00f3n responsable para este a\u00f1o, por lo que ser\u00e1 importante que la ciudadan\u00eda est\u00e9 atenta a posibles anuncios oficiales para evitar que los \u00e1rboles terminen en tiraderos o espacios inadecuados.<\/p>\n","protected":false},"excerpt":{"rendered":"<p>A pesar de que desde hace varios a\u00f1os en Tuxpan se habilitan puntos para la recolecci\u00f3n de \u00e1rboles naturales de<\/p>\n","protected":false},"author":4,"featured_media":78448,"comment_status":"closed","ping_status":"closed","sticky":false,"template":"","format":"standard","meta":{"colormag_page_container_layout":"default_layout","colormag_page_sidebar_layout":"default_layout","_jetpack_memberships_contains_paid_content":false,"footnotes":"","jetpack_publicize_message":"","jetpack_publicize_feature_enabled":true,"jetpack_social_post_already_shared":true,"jetpack_social_options":{"image_generator_settings":{"template":"highway","default_image_id":0,"font":"","enabled":false},"version":2}},"categories":[1082],"tags":[],"class_list":["post-78447","post","type-post","status-publish","format-standard","has-post-thumbnail","hentry","category-tuxpan"],"jetpack_publicize_connections":[],"jetpack_featured_media_url":"https:\/\/i0.wp.com\/politicosaldesnudo.com.mx\/wp-content\/uploads\/2026\/01\/PIN.jpg?fit=800%2C600&ssl=1","jetpack-related-posts":[],"jetpack_sharing_enabled":true,"_links":{"self":[{"href":"https:\/\/politicosaldesnudo.com.mx\/index.php\/wp-json\/wp\/v2\/posts\/78447","targetHints":{"allow":["GET"]}}],"collection":[{"href":"https:\/\/politicosaldesnudo.com.mx\/index.php\/wp-json\/wp\/v2\/posts"}],"about":[{"href":"https:\/\/politicosaldesnudo.com.mx\/index.php\/wp-json\/wp\/v2\/types\/post"}],"author":[{"embeddable":true,"href":"https:\/\/politicosaldesnudo.com.mx\/index.php\/wp-json\/wp\/v2\/users\/4"}],"replies":[{"embeddable":true,"href":"https:\/\/politicosaldesnudo.com.mx\/index.php\/wp-json\/wp\/v2\/comments?post=78447"}],"version-history":[{"count":0,"href":"https:\/\/politicosaldesnudo.com.mx\/index.php\/wp-json\/wp\/v2\/posts\/78447\/revisions"}],"wp:featuredmedia":[{"embeddable":true,"href":"https:\/\/politicosaldesnudo.com.mx\/index.php\/wp-json\/wp\/v2\/media\/78448"}],"wp:attachment":[{"href":"https:\/\/politicosaldesnudo.com.mx\/index.php\/wp-json\/wp\/v2\/media?parent=78447"}],"wp:term":[{"taxonomy":"category","embeddable":true,"href":"https:\/\/politicosaldesnudo.com.mx\/index.php\/wp-json\/wp\/v2\/categories?post=78447"},{"taxonomy":"post_tag","embeddable":true,"href":"https:\/\/politicosaldesnudo.com.mx\/index.php\/wp-json\/wp\/v2\/tags?post=78447"}],"curies":[{"name":"wp","href":"https:\/\/api.w.org\/{rel}","templated":true}]}}