{"id":78450,"date":"2026-01-20T00:02:48","date_gmt":"2026-01-20T06:02:48","guid":{"rendered":"https:\/\/politicosaldesnudo.com.mx\/?p=78450"},"modified":"2026-01-19T22:20:16","modified_gmt":"2026-01-20T04:20:16","slug":"impulsan-croqueton","status":"publish","type":"post","link":"https:\/\/politicosaldesnudo.com.mx\/index.php\/2026\/01\/20\/impulsan-croqueton\/","title":{"rendered":"Impulsan Croquet\u00f3n"},"content":{"rendered":"<p>La Direcci\u00f3n de Ecolog\u00eda y Medio Ambiente del Ayuntamiento de Tuxpan lanz\u00f3 la invitaci\u00f3n oficial al Croquet\u00f3n Tuxpan 2026, una iniciativa solidaria que tiene como prop\u00f3sito reunir insumos para mejorar la atenci\u00f3n y el bienestar de perros y gatos que requieren apoyo.<\/p>\n<p>Durante esta jornada de recolecci\u00f3n, la ciudadan\u00eda podr\u00e1 sumarse mediante la donaci\u00f3n de distintos art\u00edculos. Entre ellos, productos de limpieza como Pinol, Fabuloso, cloro y jab\u00f3n en polvo, los cuales contribuyen a mantener espacios higi\u00e9nicos para los animales. Asimismo, se estar\u00e1n recibiendo art\u00edculos de curaci\u00f3n, incluidos gasas, agua oxigenada, vendas y alcohol, que resultan esenciales para atender heridas, desinfecciones o tratamientos b\u00e1sicos.<\/p>\n<p>Adem\u00e1s, los organizadores se\u00f1alaron que se recibir\u00e1 alimento para perro y gato, el cual representa una de las necesidades m\u00e1s importantes para garantizar el adecuado cuidado nutricional de los animales.<\/p>\n<p>Tambi\u00e9n se podr\u00e1n donar juguetes y accesorios, recursos valiosos que ayudan a mejorar la calidad de vida y el bienestar emocional de los ejemplares rescatados o en resguardo.<\/p>\n<p>La colecta se llevar\u00e1 a cabo los d\u00edas 30 y 31 de enero de 2026, en un horario de 9:00 de la ma\u00f1ana a 5:00 de la tarde, en las instalaciones del Palacio Municipal, situado sobre la avenida Ju\u00e1rez, por lo que las autoridades invitaron a la poblaci\u00f3n a acudir durante esas fechas y participar activamente.<\/p>\n<p>Mediante esta actividad, el Ayuntamiento reitera su compromiso con el cuidado animal y hace un llamado a la ciudadan\u00eda para mostrar solidaridad con los compa\u00f1eros de cuatro patas, destacando que cada aportaci\u00f3n, por peque\u00f1a que sea, contribuye a marcar una diferencia positiva en su bienestar.<\/p>\n","protected":false},"excerpt":{"rendered":"<p>La Direcci\u00f3n de Ecolog\u00eda y Medio Ambiente del Ayuntamiento de Tuxpan lanz\u00f3 la invitaci\u00f3n oficial al Croquet\u00f3n Tuxpan 2026, una<\/p>\n","protected":false},"author":4,"featured_media":78451,"comment_status":"closed","ping_status":"closed","sticky":false,"template":"","format":"standard","meta":{"colormag_page_container_layout":"default_layout","colormag_page_sidebar_layout":"default_layout","_jetpack_memberships_contains_paid_content":false,"footnotes":"","jetpack_publicize_message":"","jetpack_publicize_feature_enabled":true,"jetpack_social_post_already_shared":true,"jetpack_social_options":{"image_generator_settings":{"template":"highway","default_image_id":0,"font":"","enabled":false},"version":2}},"categories":[1082],"tags":[],"class_list":["post-78450","post","type-post","status-publish","format-standard","has-post-thumbnail","hentry","category-tuxpan"],"jetpack_publicize_connections":[],"jetpack_featured_media_url":"https:\/\/i0.wp.com\/politicosaldesnudo.com.mx\/wp-content\/uploads\/2026\/01\/CRO.jpg?fit=1200%2C900&ssl=1","jetpack-related-posts":[],"jetpack_sharing_enabled":true,"_links":{"self":[{"href":"https:\/\/politicosaldesnudo.com.mx\/index.php\/wp-json\/wp\/v2\/posts\/78450","targetHints":{"allow":["GET"]}}],"collection":[{"href":"https:\/\/politicosaldesnudo.com.mx\/index.php\/wp-json\/wp\/v2\/posts"}],"about":[{"href":"https:\/\/politicosaldesnudo.com.mx\/index.php\/wp-json\/wp\/v2\/types\/post"}],"author":[{"embeddable":true,"href":"https:\/\/politicosaldesnudo.com.mx\/index.php\/wp-json\/wp\/v2\/users\/4"}],"replies":[{"embeddable":true,"href":"https:\/\/politicosaldesnudo.com.mx\/index.php\/wp-json\/wp\/v2\/comments?post=78450"}],"version-history":[{"count":0,"href":"https:\/\/politicosaldesnudo.com.mx\/index.php\/wp-json\/wp\/v2\/posts\/78450\/revisions"}],"wp:featuredmedia":[{"embeddable":true,"href":"https:\/\/politicosaldesnudo.com.mx\/index.php\/wp-json\/wp\/v2\/media\/78451"}],"wp:attachment":[{"href":"https:\/\/politicosaldesnudo.com.mx\/index.php\/wp-json\/wp\/v2\/media?parent=78450"}],"wp:term":[{"taxonomy":"category","embeddable":true,"href":"https:\/\/politicosaldesnudo.com.mx\/index.php\/wp-json\/wp\/v2\/categories?post=78450"},{"taxonomy":"post_tag","embeddable":true,"href":"https:\/\/politicosaldesnudo.com.mx\/index.php\/wp-json\/wp\/v2\/tags?post=78450"}],"curies":[{"name":"wp","href":"https:\/\/api.w.org\/{rel}","templated":true}]}}