{"id":78453,"date":"2026-01-20T00:03:38","date_gmt":"2026-01-20T06:03:38","guid":{"rendered":"https:\/\/politicosaldesnudo.com.mx\/?p=78453"},"modified":"2026-01-19T22:21:06","modified_gmt":"2026-01-20T04:21:06","slug":"piden-resguardo-de-iguanas","status":"publish","type":"post","link":"https:\/\/politicosaldesnudo.com.mx\/index.php\/2026\/01\/20\/piden-resguardo-de-iguanas\/","title":{"rendered":"Piden resguardo de iguanas"},"content":{"rendered":"<p>Con el inicio de una nueva temporada de bajas temperaturas en la regi\u00f3n, especialistas y ciudadanos consideran necesario retomar las acciones emprendidas en a\u00f1os anteriores para el resguardo de las iguanas, una especie que resiente de manera directa los efectos del fr\u00edo por su fisiolog\u00eda.<\/p>\n<p>Las iguanas son animales de sangre fr\u00eda, por lo que dependen del calor externo para regular su temperatura corporal. Durante los descensos t\u00e9rmicos su metabolismo se reduce, permanecen inm\u00f3viles y quedan expuestas a riesgos como ataques de depredadores o accidentes.<\/p>\n<p>En temporadas previas, se realizaron labores de monitoreo en zonas donde habita esta especie, adem\u00e1s del traslado temporal de ejemplares afectados hacia sitios seguros con condiciones ambientales controladas para favorecer su recuperaci\u00f3n.<\/p>\n<p>Asimismo, se ha fomentado la participaci\u00f3n ciudadana para reportar la presencia de iguanas en riesgo, recomendando evitar su manipulaci\u00f3n sin conocimiento, tanto para no lastimarlas como para prevenir incidentes.<\/p>\n<p>Dado el pron\u00f3stico de nuevos frentes fr\u00edos, se plantea la necesidad de que dichas estrategias contin\u00faen vigentes a fin de proteger a la fauna local y mantener el equilibrio ecol\u00f3gico.<\/p>\n<p>Tradicionalmente, los reportes se han canalizado a trav\u00e9s del n\u00famero de emergencia 911, disponible las 24 horas, por lo que se espera que esta v\u00eda siga operando durante este periodo invernal.<\/p>\n","protected":false},"excerpt":{"rendered":"<p>Con el inicio de una nueva temporada de bajas temperaturas en la regi\u00f3n, especialistas y ciudadanos consideran necesario retomar las<\/p>\n","protected":false},"author":4,"featured_media":78454,"comment_status":"closed","ping_status":"closed","sticky":false,"template":"","format":"standard","meta":{"colormag_page_container_layout":"default_layout","colormag_page_sidebar_layout":"default_layout","_jetpack_memberships_contains_paid_content":false,"footnotes":"","jetpack_publicize_message":"","jetpack_publicize_feature_enabled":true,"jetpack_social_post_already_shared":true,"jetpack_social_options":{"image_generator_settings":{"template":"highway","default_image_id":0,"font":"","enabled":false},"version":2}},"categories":[1082],"tags":[],"class_list":["post-78453","post","type-post","status-publish","format-standard","has-post-thumbnail","hentry","category-tuxpan"],"jetpack_publicize_connections":[],"jetpack_featured_media_url":"https:\/\/i0.wp.com\/politicosaldesnudo.com.mx\/wp-content\/uploads\/2026\/01\/LASI.jpg?fit=1200%2C677&ssl=1","jetpack-related-posts":[],"jetpack_sharing_enabled":true,"_links":{"self":[{"href":"https:\/\/politicosaldesnudo.com.mx\/index.php\/wp-json\/wp\/v2\/posts\/78453","targetHints":{"allow":["GET"]}}],"collection":[{"href":"https:\/\/politicosaldesnudo.com.mx\/index.php\/wp-json\/wp\/v2\/posts"}],"about":[{"href":"https:\/\/politicosaldesnudo.com.mx\/index.php\/wp-json\/wp\/v2\/types\/post"}],"author":[{"embeddable":true,"href":"https:\/\/politicosaldesnudo.com.mx\/index.php\/wp-json\/wp\/v2\/users\/4"}],"replies":[{"embeddable":true,"href":"https:\/\/politicosaldesnudo.com.mx\/index.php\/wp-json\/wp\/v2\/comments?post=78453"}],"version-history":[{"count":0,"href":"https:\/\/politicosaldesnudo.com.mx\/index.php\/wp-json\/wp\/v2\/posts\/78453\/revisions"}],"wp:featuredmedia":[{"embeddable":true,"href":"https:\/\/politicosaldesnudo.com.mx\/index.php\/wp-json\/wp\/v2\/media\/78454"}],"wp:attachment":[{"href":"https:\/\/politicosaldesnudo.com.mx\/index.php\/wp-json\/wp\/v2\/media?parent=78453"}],"wp:term":[{"taxonomy":"category","embeddable":true,"href":"https:\/\/politicosaldesnudo.com.mx\/index.php\/wp-json\/wp\/v2\/categories?post=78453"},{"taxonomy":"post_tag","embeddable":true,"href":"https:\/\/politicosaldesnudo.com.mx\/index.php\/wp-json\/wp\/v2\/tags?post=78453"}],"curies":[{"name":"wp","href":"https:\/\/api.w.org\/{rel}","templated":true}]}}