{"id":78456,"date":"2026-01-20T00:04:04","date_gmt":"2026-01-20T06:04:04","guid":{"rendered":"https:\/\/politicosaldesnudo.com.mx\/?p=78456"},"modified":"2026-01-19T22:22:33","modified_gmt":"2026-01-20T04:22:33","slug":"garantizan-espacios-tranquilos-en-zona-norte","status":"publish","type":"post","link":"https:\/\/politicosaldesnudo.com.mx\/index.php\/2026\/01\/20\/garantizan-espacios-tranquilos-en-zona-norte\/","title":{"rendered":"Garantizan espacios tranquilos en Zona Norte"},"content":{"rendered":"<p>El secretario de Seguridad P\u00fablica del estado, Alfonso Reyes Garc\u00e9s, inform\u00f3 que la vigilancia y presencia operativa de la Secretar\u00eda de Seguridad P\u00fablica (SSP) ser\u00e1 reforzada en la zona norte de Veracruz, incluyendo al municipio de Tuxpan, donde se implementar\u00e1n acciones espec\u00edficas para atender la seguridad local.<\/p>\n<p>El titular de la SSP confirm\u00f3 que en esta regi\u00f3n se han registrado detenciones en d\u00edas recientes, lo que ha motivado un ajuste de la estrategia operativa para fortalecer la presencia policial. Detall\u00f3 que actualmente se mantiene un despliegue especial en los municipios de \u00c1lamo, Tuxpan y Poza Rica.<\/p>\n<p>\u201cSe va a reforzar a\u00fan m\u00e1s la seguridad en esos municipios, para fortalecer nuestra presencia y expandirnos, llegar a municipios donde antes no lleg\u00e1bamos\u201d, puntualiz\u00f3<\/p>\n<p>Reyes Garc\u00e9s, al destacar que el objetivo es ampliar la cobertura y asegurar el control territorial en puntos estrat\u00e9gicos de la zona norte.<\/p>\n<p>As\u00ed mismo, el funcionario estatal indic\u00f3 que los operativos ser\u00e1n incrementados en los pr\u00f3ximos d\u00edas, con el fin de consolidar la actuaci\u00f3n de los cuerpos policiales y responder a las necesidades de seguridad planteadas en la regi\u00f3n.<\/p>\n<p>Adem\u00e1s del norte, Reyes Garc\u00e9s explic\u00f3 que se mantiene un reforzamiento en materia de seguridad vial en la regi\u00f3n de Xalapa, que incluye al municipio de Coatepec, asegurando que dicho tema se encuentra cubierto con despliegues en diversos puntos del estado.<\/p>\n<p>Tuxpan se coloca dentro de los municipios prioritarios para el fortalecimiento operativo de la SSP, en un contexto donde la dependencia busca mejorar la respuesta institucional y ampliar su presencia en territorio veracruzano.<\/p>\n","protected":false},"excerpt":{"rendered":"<p>El secretario de Seguridad P\u00fablica del estado, Alfonso Reyes Garc\u00e9s, inform\u00f3 que la vigilancia y presencia operativa de la Secretar\u00eda<\/p>\n","protected":false},"author":4,"featured_media":78457,"comment_status":"closed","ping_status":"closed","sticky":false,"template":"","format":"standard","meta":{"colormag_page_container_layout":"default_layout","colormag_page_sidebar_layout":"default_layout","_jetpack_memberships_contains_paid_content":false,"footnotes":"","jetpack_publicize_message":"","jetpack_publicize_feature_enabled":true,"jetpack_social_post_already_shared":true,"jetpack_social_options":{"image_generator_settings":{"template":"highway","default_image_id":0,"font":"","enabled":false},"version":2}},"categories":[1082],"tags":[],"class_list":["post-78456","post","type-post","status-publish","format-standard","has-post-thumbnail","hentry","category-tuxpan"],"jetpack_publicize_connections":[],"jetpack_featured_media_url":"https:\/\/i0.wp.com\/politicosaldesnudo.com.mx\/wp-content\/uploads\/2026\/01\/POLN.jpg?fit=800%2C600&ssl=1","jetpack-related-posts":[],"jetpack_sharing_enabled":true,"_links":{"self":[{"href":"https:\/\/politicosaldesnudo.com.mx\/index.php\/wp-json\/wp\/v2\/posts\/78456","targetHints":{"allow":["GET"]}}],"collection":[{"href":"https:\/\/politicosaldesnudo.com.mx\/index.php\/wp-json\/wp\/v2\/posts"}],"about":[{"href":"https:\/\/politicosaldesnudo.com.mx\/index.php\/wp-json\/wp\/v2\/types\/post"}],"author":[{"embeddable":true,"href":"https:\/\/politicosaldesnudo.com.mx\/index.php\/wp-json\/wp\/v2\/users\/4"}],"replies":[{"embeddable":true,"href":"https:\/\/politicosaldesnudo.com.mx\/index.php\/wp-json\/wp\/v2\/comments?post=78456"}],"version-history":[{"count":0,"href":"https:\/\/politicosaldesnudo.com.mx\/index.php\/wp-json\/wp\/v2\/posts\/78456\/revisions"}],"wp:featuredmedia":[{"embeddable":true,"href":"https:\/\/politicosaldesnudo.com.mx\/index.php\/wp-json\/wp\/v2\/media\/78457"}],"wp:attachment":[{"href":"https:\/\/politicosaldesnudo.com.mx\/index.php\/wp-json\/wp\/v2\/media?parent=78456"}],"wp:term":[{"taxonomy":"category","embeddable":true,"href":"https:\/\/politicosaldesnudo.com.mx\/index.php\/wp-json\/wp\/v2\/categories?post=78456"},{"taxonomy":"post_tag","embeddable":true,"href":"https:\/\/politicosaldesnudo.com.mx\/index.php\/wp-json\/wp\/v2\/tags?post=78456"}],"curies":[{"name":"wp","href":"https:\/\/api.w.org\/{rel}","templated":true}]}}