{"id":78459,"date":"2026-01-20T00:05:55","date_gmt":"2026-01-20T06:05:55","guid":{"rendered":"https:\/\/politicosaldesnudo.com.mx\/?p=78459"},"modified":"2026-01-19T22:34:10","modified_gmt":"2026-01-20T04:34:10","slug":"scjn-retira-cuatro-proyectos-tras-protestas-y-corrige-error-en-votacion","status":"publish","type":"post","link":"https:\/\/politicosaldesnudo.com.mx\/index.php\/2026\/01\/20\/scjn-retira-cuatro-proyectos-tras-protestas-y-corrige-error-en-votacion\/","title":{"rendered":"SCJN retira cuatro proyectos tras protestas y corrige error en votaci\u00f3n"},"content":{"rendered":"<p class=\"nota-justify\">Ante la presi\u00f3n de manifestantes y la relevancia de los asuntos, la Suprema Corte de Justicia de la Naci\u00f3n (SCJN) retir\u00f3 este lunes cuatro proyectos de su lista de discusi\u00f3n y corrigi\u00f3 una pifia en la votaci\u00f3n registrada la semana pasada por el secretario general de Acuerdos, Daniel \u00c1lvarez Toledo, quien dio por aprobado un proyecto que en realidad fue rechazado.<\/p>\n<p class=\"nota-justify\">Al inicio de la sesi\u00f3n p\u00fablica del Pleno se anunci\u00f3 el retiro de dos propuestas de la ministra Yasm\u00edn Esquivel Mossa, correspondientes a los amparos en revisi\u00f3n 424\/2025 y 446\/2025, en las que se sosten\u00eda que la Fiscal\u00eda General de la Rep\u00fablica (FGR) no puede asegurar inmuebles sin orden judicial. Los asuntos derivan de un caso de predios en Santa Fe intervenidos sin mandato de un juez, bajo el argumento del Ministerio P\u00fablico de que son propiedad de la naci\u00f3n.<\/p>\n<p class=\"nota-justify\">Asimismo, qued\u00f3 en lista un proyecto de la ministra Mar\u00eda Estela R\u00edos Gonz\u00e1lez relativo a la contradicci\u00f3n de criterios 127\/2025, que propone establecer jurisprudencia con un criterio distinto al de Esquivel Mossa, al considerar que las \u00f3rdenes judiciales no son necesarias para el aseguramiento de inmuebles por tratarse de una medida preventiva.<\/p>\n<p class=\"nota-justify\">El cuarto asunto retirado fue otro proyecto de R\u00edos Gonz\u00e1lez sobre la contradicci\u00f3n de criterios 39\/2025, relacionado con desalojos en la Ciudad de M\u00e9xico, luego de protestas afuera de la Corte que provocaron un retraso de casi dos horas en la sesi\u00f3n.<\/p>\n<p class=\"nota-justify\">Integrantes del Frente por la Vivienda Joven (FVJ) y del Frente Anti-gentrificaci\u00f3n CDMX bloquearon -por primera vez desde la llegada de los nuevos ministros- los accesos del m\u00e1ximo tribunal y acusaron que el proyecto, que analiza el art\u00edculo 60 de la Ley Constitucional de Derechos Humanos de la CDMX, abre la puerta a validar \u201cdesalojos forzados\u201d.<\/p>\n<p class=\"nota-justify\">Finalmente, al aprobar el acta de la sesi\u00f3n del jueves pasado se incorpor\u00f3 una errata para aclarar que no se alcanz\u00f3 la mayor\u00eda necesaria para avalar el proyecto del ministro Hugo Aguilar Ortiz sobre la contradicci\u00f3n de criterios 223\/2025, que buscaba fijar jurisprudencia para condicionar el pago retroactivo de pensiones jubilatorias a trabajadores de la Comisi\u00f3n Federal de Electricidad (CFE). Luego del error del secretario de Acuerdos que lo dio por aprobado, el asunto fue desechado y returnado a un ministro de la mayor\u00eda.<\/p>\n","protected":false},"excerpt":{"rendered":"<p>Ante la presi\u00f3n de manifestantes y la relevancia de los asuntos, la Suprema Corte de Justicia de la Naci\u00f3n (SCJN)<\/p>\n","protected":false},"author":4,"featured_media":78460,"comment_status":"closed","ping_status":"closed","sticky":false,"template":"","format":"standard","meta":{"colormag_page_container_layout":"default_layout","colormag_page_sidebar_layout":"default_layout","_jetpack_memberships_contains_paid_content":false,"footnotes":"","jetpack_publicize_message":"","jetpack_publicize_feature_enabled":true,"jetpack_social_post_already_shared":true,"jetpack_social_options":{"image_generator_settings":{"template":"highway","default_image_id":0,"font":"","enabled":false},"version":2}},"categories":[33],"tags":[],"class_list":["post-78459","post","type-post","status-publish","format-standard","has-post-thumbnail","hentry","category-nacional"],"jetpack_publicize_connections":[],"jetpack_featured_media_url":"https:\/\/i0.wp.com\/politicosaldesnudo.com.mx\/wp-content\/uploads\/2026\/01\/SUPOS.jpg?fit=1200%2C900&ssl=1","jetpack-related-posts":[],"jetpack_sharing_enabled":true,"_links":{"self":[{"href":"https:\/\/politicosaldesnudo.com.mx\/index.php\/wp-json\/wp\/v2\/posts\/78459","targetHints":{"allow":["GET"]}}],"collection":[{"href":"https:\/\/politicosaldesnudo.com.mx\/index.php\/wp-json\/wp\/v2\/posts"}],"about":[{"href":"https:\/\/politicosaldesnudo.com.mx\/index.php\/wp-json\/wp\/v2\/types\/post"}],"author":[{"embeddable":true,"href":"https:\/\/politicosaldesnudo.com.mx\/index.php\/wp-json\/wp\/v2\/users\/4"}],"replies":[{"embeddable":true,"href":"https:\/\/politicosaldesnudo.com.mx\/index.php\/wp-json\/wp\/v2\/comments?post=78459"}],"version-history":[{"count":0,"href":"https:\/\/politicosaldesnudo.com.mx\/index.php\/wp-json\/wp\/v2\/posts\/78459\/revisions"}],"wp:featuredmedia":[{"embeddable":true,"href":"https:\/\/politicosaldesnudo.com.mx\/index.php\/wp-json\/wp\/v2\/media\/78460"}],"wp:attachment":[{"href":"https:\/\/politicosaldesnudo.com.mx\/index.php\/wp-json\/wp\/v2\/media?parent=78459"}],"wp:term":[{"taxonomy":"category","embeddable":true,"href":"https:\/\/politicosaldesnudo.com.mx\/index.php\/wp-json\/wp\/v2\/categories?post=78459"},{"taxonomy":"post_tag","embeddable":true,"href":"https:\/\/politicosaldesnudo.com.mx\/index.php\/wp-json\/wp\/v2\/tags?post=78459"}],"curies":[{"name":"wp","href":"https:\/\/api.w.org\/{rel}","templated":true}]}}