{"id":78474,"date":"2026-01-20T00:10:16","date_gmt":"2026-01-20T06:10:16","guid":{"rendered":"https:\/\/politicosaldesnudo.com.mx\/?p=78474"},"modified":"2026-01-19T22:51:23","modified_gmt":"2026-01-20T04:51:23","slug":"nuevas-tensiones-comerciales-impactaran-en-el-crecimiento-economico-fmi","status":"publish","type":"post","link":"https:\/\/politicosaldesnudo.com.mx\/index.php\/2026\/01\/20\/nuevas-tensiones-comerciales-impactaran-en-el-crecimiento-economico-fmi\/","title":{"rendered":"Nuevas tensiones comerciales impactar\u00e1n en el crecimiento econ\u00f3mico: FMI"},"content":{"rendered":"<p class=\"nota-justify\">El riesgo de una nueva escalada en las tensiones comerciales implicar\u00eda un impacto material sobre las expectativas de crecimiento del Fondo Monetario Internacional (FMI), el cual alert\u00f3 que la entrada en una fase de \u201cojo por ojo\u201d en la fijaci\u00f3n de aranceles y represalias tendr\u00eda un efecto \u201ca\u00fan m\u00e1s adverso\u201d para la econom\u00eda por su impacto directo en la actividad, pero tambi\u00e9n por el debilitamiento de la confianza.<\/p>\n<p class=\"nota-justify\">Si bien eludi\u00f3 ofrecer recomendaciones espec\u00edficas de pol\u00edtica comercial al ser cuestionado sobre las recientes tensiones entre Estados Unidos y la Uni\u00f3n Europea (UE) a ra\u00edz de las presiones de Washington para hacerse con Groenlandia, el economista jefe del FMI, el franc\u00e9s Pierre-Olivier Gourinchas, se\u00f1al\u00f3 que, en t\u00e9rminos generales, la instituci\u00f3n aboga por que todas las partes intenten encontrar una soluci\u00f3n que mantenga abierto el sistema de comercio, que mantenga reglas estables y predecibles y permita a las empresas tomar decisiones de inversi\u00f3n e implementarlas.<\/p>\n<p class=\"nota-justify\">\u201cEl entorno actual no es propicio para ello\u201d, se\u00f1al\u00f3; \u201cpedir\u00edamos a todas las partes que encuentren una soluci\u00f3n amistosa a la situaci\u00f3n\u201d, ya que en una guerra comercial \u201cno hay ganadores\u201d, puesto que subir los aranceles perjudicar\u00e1 tanto al pa\u00eds que los impone, pero tambi\u00e9n a otros pa\u00edses.<\/p>\n<p class=\"nota-justify\">\u201cSi entramos en una fase de escalada y pol\u00edticas de \u2018ojo por ojo\u2019, como lo planteaba la pregunta, eso sin duda tendr\u00eda un efecto a\u00fan m\u00e1s adverso en la econom\u00eda, tanto a trav\u00e9s de canales directos como a trav\u00e9s de la confianza, la inversi\u00f3n y potencialmente a trav\u00e9s de una revisi\u00f3n de los precios de los mercados\u201d, explic\u00f3 el economista galo.<\/p>\n<p class=\"nota-justify\">Si bien subray\u00f3 que las proyecciones macroecon\u00f3micas publicadas este lunes se cerraron a finales del pasado mes de diciembre, por lo que no recogen los eventos m\u00e1s recientes, Gourinchas record\u00f3 que en sus pron\u00f3sticos del pasado octubre la instituci\u00f3n ya simul\u00f3 un escenario de escalada arancelaria que restar\u00eda unas tres d\u00e9cimas al crecimiento global, lo que \u201cse trata de un efecto considerable\u201d.<\/p>\n<p class=\"nota-justify\">Por separado, en el marco del comienzo del Foro Econ\u00f3mico Mundial, que durante esta semana se celebra en la localidad suiza de Davos, la directora gerente del FMI, Kristalina Georgieva, insisti\u00f3 en que, si bien a\u00fan es pronto para evaluar el potencial impacto econ\u00f3mico de la crisis abierta sobre Groenlandia, la mejor manera de abordarla es \u201cencontrar una v\u00eda de acuerdo\u201d.<\/p>\n","protected":false},"excerpt":{"rendered":"<p>El riesgo de una nueva escalada en las tensiones comerciales implicar\u00eda un impacto material sobre las expectativas de crecimiento del<\/p>\n","protected":false},"author":4,"featured_media":78475,"comment_status":"closed","ping_status":"closed","sticky":false,"template":"","format":"standard","meta":{"colormag_page_container_layout":"default_layout","colormag_page_sidebar_layout":"default_layout","_jetpack_memberships_contains_paid_content":false,"footnotes":"","jetpack_publicize_message":"","jetpack_publicize_feature_enabled":true,"jetpack_social_post_already_shared":true,"jetpack_social_options":{"image_generator_settings":{"template":"highway","default_image_id":0,"font":"","enabled":false},"version":2}},"categories":[2050],"tags":[],"class_list":["post-78474","post","type-post","status-publish","format-standard","has-post-thumbnail","hentry","category-economia"],"jetpack_publicize_connections":[],"jetpack_featured_media_url":"https:\/\/i0.wp.com\/politicosaldesnudo.com.mx\/wp-content\/uploads\/2026\/01\/GALL.jpg?fit=1200%2C762&ssl=1","jetpack-related-posts":[],"jetpack_sharing_enabled":true,"_links":{"self":[{"href":"https:\/\/politicosaldesnudo.com.mx\/index.php\/wp-json\/wp\/v2\/posts\/78474","targetHints":{"allow":["GET"]}}],"collection":[{"href":"https:\/\/politicosaldesnudo.com.mx\/index.php\/wp-json\/wp\/v2\/posts"}],"about":[{"href":"https:\/\/politicosaldesnudo.com.mx\/index.php\/wp-json\/wp\/v2\/types\/post"}],"author":[{"embeddable":true,"href":"https:\/\/politicosaldesnudo.com.mx\/index.php\/wp-json\/wp\/v2\/users\/4"}],"replies":[{"embeddable":true,"href":"https:\/\/politicosaldesnudo.com.mx\/index.php\/wp-json\/wp\/v2\/comments?post=78474"}],"version-history":[{"count":0,"href":"https:\/\/politicosaldesnudo.com.mx\/index.php\/wp-json\/wp\/v2\/posts\/78474\/revisions"}],"wp:featuredmedia":[{"embeddable":true,"href":"https:\/\/politicosaldesnudo.com.mx\/index.php\/wp-json\/wp\/v2\/media\/78475"}],"wp:attachment":[{"href":"https:\/\/politicosaldesnudo.com.mx\/index.php\/wp-json\/wp\/v2\/media?parent=78474"}],"wp:term":[{"taxonomy":"category","embeddable":true,"href":"https:\/\/politicosaldesnudo.com.mx\/index.php\/wp-json\/wp\/v2\/categories?post=78474"},{"taxonomy":"post_tag","embeddable":true,"href":"https:\/\/politicosaldesnudo.com.mx\/index.php\/wp-json\/wp\/v2\/tags?post=78474"}],"curies":[{"name":"wp","href":"https:\/\/api.w.org\/{rel}","templated":true}]}}