{"id":78477,"date":"2026-01-20T00:11:50","date_gmt":"2026-01-20T06:11:50","guid":{"rendered":"https:\/\/politicosaldesnudo.com.mx\/?p=78477"},"modified":"2026-01-19T22:53:01","modified_gmt":"2026-01-20T04:53:01","slug":"davos-listo-para-recepcion-de-lideres-gubernamentales-al-foro-economico-mundial","status":"publish","type":"post","link":"https:\/\/politicosaldesnudo.com.mx\/index.php\/2026\/01\/20\/davos-listo-para-recepcion-de-lideres-gubernamentales-al-foro-economico-mundial\/","title":{"rendered":"Davos, listo para recepci\u00f3n de l\u00edderes gubernamentales al Foro Econ\u00f3mico Mundial"},"content":{"rendered":"<p class=\"nota-justify\">Jefes corporativos y l\u00edderes gubernamentales se congregan en Davos, Suiza, esta semana en la reuni\u00f3n anual del Foro Econ\u00f3mico Mundial (FEM), algunos de los cuales incluso se reunir\u00e1n con el presidente Donald Trump el mi\u00e9rcoles, dijeron fuentes a Reuters.<\/p>\n<p class=\"nota-justify\">Los l\u00edderes empresariales, incluidos directores ejecutivos de servicios financieros, criptomonedas y consultor\u00eda, fueron invitados a una recepci\u00f3n despu\u00e9s del discurso de Trump, indicaron las fuentes.<\/p>\n<p class=\"nota-justify\">Se espera que Trump llegue el mi\u00e9rcoles a la estaci\u00f3n de monta\u00f1a suiza, donde tiene previsto pronunciar un discurso especial. Varios funcionarios estadunidenses, entre ellos el secretario del Tesoro, Scott Bessent, tambi\u00e9n acompa\u00f1an a Trump.<\/p>\n<p class=\"nota-justify\">El FEM, el grupo de expertos cuyo encuentro anual de cuatro d\u00edas comienza el martes, tiene como lema declarado \u201cmejorar el estado del mundo\u201d, y el tema de este a\u00f1o es \u201cUn esp\u00edritu de di\u00e1logo\u201d.<\/p>\n<p class=\"nota-justify\">Casi tres mil funcionarios de negocios, defensa y pol\u00edtica abordar\u00e1n temas que incluyen la creciente brecha entre ricos y pobres; el impacto de la inteligencia artificial (IA) en los empleos; preocupaciones sobre el conflicto geoecon\u00f3mico; aranceles que han sacudido relaciones comerciales de larga data; y una erosi\u00f3n de la confianza entre comunidades y pa\u00edses.<\/p>\n<p class=\"nota-justify\">El foro estar\u00e1 sin su fundador, Klaus Schwab, quien organiz\u00f3 el primer evento en Davos hace 55 a\u00f1os centrado en los negocios, solo para verlo convertirse en un foro m\u00e1s amplio. Se retir\u00f3 en abril. Los nuevos copresidentes Larry Fink, jefe de la firma de inversiones BlackRock, y Andre Hoffman, vicepresidente de la firma farmac\u00e9utica Roche, est\u00e1n a cargo.<\/p>\n","protected":false},"excerpt":{"rendered":"<p>Jefes corporativos y l\u00edderes gubernamentales se congregan en Davos, Suiza, esta semana en la reuni\u00f3n anual del Foro Econ\u00f3mico Mundial<\/p>\n","protected":false},"author":4,"featured_media":78478,"comment_status":"closed","ping_status":"closed","sticky":false,"template":"","format":"standard","meta":{"colormag_page_container_layout":"default_layout","colormag_page_sidebar_layout":"default_layout","_jetpack_memberships_contains_paid_content":false,"footnotes":"","jetpack_publicize_message":"","jetpack_publicize_feature_enabled":true,"jetpack_social_post_already_shared":true,"jetpack_social_options":{"image_generator_settings":{"template":"highway","default_image_id":0,"font":"","enabled":false},"version":2}},"categories":[2050],"tags":[],"class_list":["post-78477","post","type-post","status-publish","format-standard","has-post-thumbnail","hentry","category-economia"],"jetpack_publicize_connections":[],"jetpack_featured_media_url":"https:\/\/i0.wp.com\/politicosaldesnudo.com.mx\/wp-content\/uploads\/2026\/01\/DAV.jpg?fit=1200%2C801&ssl=1","jetpack-related-posts":[],"jetpack_sharing_enabled":true,"_links":{"self":[{"href":"https:\/\/politicosaldesnudo.com.mx\/index.php\/wp-json\/wp\/v2\/posts\/78477","targetHints":{"allow":["GET"]}}],"collection":[{"href":"https:\/\/politicosaldesnudo.com.mx\/index.php\/wp-json\/wp\/v2\/posts"}],"about":[{"href":"https:\/\/politicosaldesnudo.com.mx\/index.php\/wp-json\/wp\/v2\/types\/post"}],"author":[{"embeddable":true,"href":"https:\/\/politicosaldesnudo.com.mx\/index.php\/wp-json\/wp\/v2\/users\/4"}],"replies":[{"embeddable":true,"href":"https:\/\/politicosaldesnudo.com.mx\/index.php\/wp-json\/wp\/v2\/comments?post=78477"}],"version-history":[{"count":0,"href":"https:\/\/politicosaldesnudo.com.mx\/index.php\/wp-json\/wp\/v2\/posts\/78477\/revisions"}],"wp:featuredmedia":[{"embeddable":true,"href":"https:\/\/politicosaldesnudo.com.mx\/index.php\/wp-json\/wp\/v2\/media\/78478"}],"wp:attachment":[{"href":"https:\/\/politicosaldesnudo.com.mx\/index.php\/wp-json\/wp\/v2\/media?parent=78477"}],"wp:term":[{"taxonomy":"category","embeddable":true,"href":"https:\/\/politicosaldesnudo.com.mx\/index.php\/wp-json\/wp\/v2\/categories?post=78477"},{"taxonomy":"post_tag","embeddable":true,"href":"https:\/\/politicosaldesnudo.com.mx\/index.php\/wp-json\/wp\/v2\/tags?post=78477"}],"curies":[{"name":"wp","href":"https:\/\/api.w.org\/{rel}","templated":true}]}}