{"id":78489,"date":"2026-01-20T00:15:35","date_gmt":"2026-01-20T06:15:35","guid":{"rendered":"https:\/\/politicosaldesnudo.com.mx\/?p=78489"},"modified":"2026-01-19T23:00:45","modified_gmt":"2026-01-20T05:00:45","slug":"sustituyen-a-titular-del-sistema-penitenciario-de-bc","status":"publish","type":"post","link":"https:\/\/politicosaldesnudo.com.mx\/index.php\/2026\/01\/20\/sustituyen-a-titular-del-sistema-penitenciario-de-bc\/","title":{"rendered":"Sustituyen a titular del Sistema Penitenciario de BC"},"content":{"rendered":"<p class=\"nota-justify\">Ante la situaci\u00f3n laboral que afecta al Sistema Penitenciario de Baja California, este lunes se design\u00f3 a la abogada Lorena Huerta Salas como nueva comisionada estatal de este organismo responsable de la administraci\u00f3n de cinco centros de reclusi\u00f3n de la entidad.<\/p>\n<p class=\"nota-justify\">La gobernadora Marina del Pilar \u00c1vila Olmeda dijo que la actual comisionada \u00abdar\u00e1 continuidad\u00bb al trabajo que realiz\u00f3 Jos\u00e9 Gabriel G\u00e1lvez Beltr\u00e1n, quien concentr\u00f3 las cr\u00edticas por uso de celulares de internos en el penal de El Hongo y por fiestas con mujeres en \u00e1reas restringidas.<\/p>\n<p class=\"nota-justify\">En las \u00faltimas tres semanas se han registrado paros laborales en los penales de El Hongo en Tecate, La Mesa en Tijuana y Ensenada por descuentos salariales ilegales, calidad de alimentos y por las condiciones cr\u00edticas en centros de trabajo.<\/p>\n<p class=\"nota-justify\">Huerta Salas fung\u00eda como directora Especializada en Medidas para Adolescentes de la CESISPE y fue encargada de despacho del Centro de Internamiento Adolescentes de Tijuana en los gobiernos del panista Francisco Vega de Lamadrid y del morenista Jaime Bonilla, ahora dirigente del PT en la entidad.<\/p>\n<p class=\"nota-justify\">Tras el conflicto laboral de la CESISPE, el secretario General de Gobierno, Alfredo \u00c1lvarez, convoc\u00f3 a una reuni\u00f3n con representes de los custodios de la Comisi\u00f3n Estatal para la ma\u00f1ana de este martes en el Centro Estatal de las Artes de Mexicali.<\/p>\n","protected":false},"excerpt":{"rendered":"<p>Ante la situaci\u00f3n laboral que afecta al Sistema Penitenciario de Baja California, este lunes se design\u00f3 a la abogada Lorena<\/p>\n","protected":false},"author":4,"featured_media":78490,"comment_status":"closed","ping_status":"closed","sticky":false,"template":"","format":"standard","meta":{"colormag_page_container_layout":"default_layout","colormag_page_sidebar_layout":"default_layout","_jetpack_memberships_contains_paid_content":false,"footnotes":"","jetpack_publicize_message":"","jetpack_publicize_feature_enabled":true,"jetpack_social_post_already_shared":true,"jetpack_social_options":{"image_generator_settings":{"template":"highway","default_image_id":0,"font":"","enabled":false},"version":2}},"categories":[30],"tags":[],"class_list":["post-78489","post","type-post","status-publish","format-standard","has-post-thumbnail","hentry","category-estados"],"jetpack_publicize_connections":[],"jetpack_featured_media_url":"https:\/\/i0.wp.com\/politicosaldesnudo.com.mx\/wp-content\/uploads\/2026\/01\/CARC.jpg?fit=1200%2C800&ssl=1","jetpack-related-posts":[],"jetpack_sharing_enabled":true,"_links":{"self":[{"href":"https:\/\/politicosaldesnudo.com.mx\/index.php\/wp-json\/wp\/v2\/posts\/78489","targetHints":{"allow":["GET"]}}],"collection":[{"href":"https:\/\/politicosaldesnudo.com.mx\/index.php\/wp-json\/wp\/v2\/posts"}],"about":[{"href":"https:\/\/politicosaldesnudo.com.mx\/index.php\/wp-json\/wp\/v2\/types\/post"}],"author":[{"embeddable":true,"href":"https:\/\/politicosaldesnudo.com.mx\/index.php\/wp-json\/wp\/v2\/users\/4"}],"replies":[{"embeddable":true,"href":"https:\/\/politicosaldesnudo.com.mx\/index.php\/wp-json\/wp\/v2\/comments?post=78489"}],"version-history":[{"count":0,"href":"https:\/\/politicosaldesnudo.com.mx\/index.php\/wp-json\/wp\/v2\/posts\/78489\/revisions"}],"wp:featuredmedia":[{"embeddable":true,"href":"https:\/\/politicosaldesnudo.com.mx\/index.php\/wp-json\/wp\/v2\/media\/78490"}],"wp:attachment":[{"href":"https:\/\/politicosaldesnudo.com.mx\/index.php\/wp-json\/wp\/v2\/media?parent=78489"}],"wp:term":[{"taxonomy":"category","embeddable":true,"href":"https:\/\/politicosaldesnudo.com.mx\/index.php\/wp-json\/wp\/v2\/categories?post=78489"},{"taxonomy":"post_tag","embeddable":true,"href":"https:\/\/politicosaldesnudo.com.mx\/index.php\/wp-json\/wp\/v2\/tags?post=78489"}],"curies":[{"name":"wp","href":"https:\/\/api.w.org\/{rel}","templated":true}]}}