{"id":78492,"date":"2026-01-20T00:16:12","date_gmt":"2026-01-20T06:16:12","guid":{"rendered":"https:\/\/politicosaldesnudo.com.mx\/?p=78492"},"modified":"2026-01-19T23:02:22","modified_gmt":"2026-01-20T05:02:22","slug":"continua-emplacamiento-de-autos-chocolate-en-nuevo-laredo-tras-cierre-del-decreto","status":"publish","type":"post","link":"https:\/\/politicosaldesnudo.com.mx\/index.php\/2026\/01\/20\/continua-emplacamiento-de-autos-chocolate-en-nuevo-laredo-tras-cierre-del-decreto\/","title":{"rendered":"Contin\u00faa emplacamiento de \u201cautos chocolate\u00bb en Nuevo Laredo tras cierre del decreto"},"content":{"rendered":"<p class=\"nota-justify\">La Oficina Fiscal del Estado en Nuevo Laredo inform\u00f3 que, pese a la conclusi\u00f3n del decreto federal de regularizaci\u00f3n vehicular al cierre de 2025, contin\u00faan realiz\u00e1ndose de manera normal los tr\u00e1mites de emplacamiento y la entrega de placas a los veh\u00edculos que fueron regularizados dentro del programa, el cual permiti\u00f3 legalizar alrededor de 75 mil unidades en el municipio.<\/p>\n<p class=\"nota-justify\">En entrevista, Roque Hern\u00e1ndez Villanueva, jefe de la Oficina Fiscal del Estado en esta ciudad fronteriza, explic\u00f3 que la abrogaci\u00f3n del decreto, vigente hasta el 31 de diciembre, \u00fanicamente cerr\u00f3 la posibilidad de incorporar nuevos veh\u00edculos al esquema de regularizaci\u00f3n, sin afectar los derechos adquiridos por quienes concluyeron el proceso dentro del plazo establecido. En ese sentido, precis\u00f3 que los propietarios que ya cuentan con su constancia de regularizaci\u00f3n pueden acudir a completar el emplacamiento sin restricciones.<\/p>\n<p class=\"nota-justify\">El funcionario detall\u00f3 que actualmente no existen rezagos ni limitantes para la entrega de placas, ya que la dependencia cuenta con suficiente disponibilidad para atender la demanda de los contribuyentes. Los tr\u00e1mites subsecuentes a la regularizaci\u00f3n, como la asignaci\u00f3n y entrega de l\u00e1minas, contin\u00faan desarroll\u00e1ndose conforme a los procedimientos habituales en las oficinas fiscales del estado.<\/p>\n<p class=\"nota-justify\">Asimismo, se reiter\u00f3 que el t\u00e9rmino del decreto no invalida ni suspende los procesos administrativos derivados de la regularizaci\u00f3n previamente autorizada, por lo que las personas que cumplieron con los requisitos en tiempo y forma mantienen la certeza jur\u00eddica sobre sus unidades y pueden concluir el tr\u00e1mite de manera ordinaria.<\/p>\n<p class=\"nota-justify\">Hern\u00e1ndez Villanueva se\u00f1al\u00f3 que el programa de regularizaci\u00f3n represent\u00f3 un beneficio importante para los propietarios de veh\u00edculos de procedencia extranjera, al permitirles legalizar su situaci\u00f3n y circular conforme a la normativa vigente. Actualmente, el esfuerzo institucional se concentra en dar salida a los tr\u00e1mites pendientes de emplacamiento, con el objetivo de que los ciudadanos cuenten con su documentaci\u00f3n completa.<\/p>\n<p class=\"nota-justify\">Finalmente, la Oficina Fiscal del Estado hizo un llamado a los contribuyentes que ya cuentan con la constancia de regularizaci\u00f3n y que a\u00fan no han recogido sus placas, para que acudan a las instalaciones correspondientes y concluyan el proceso, a fin de mantener su situaci\u00f3n vehicular en regla conforme a la ley.<\/p>\n","protected":false},"excerpt":{"rendered":"<p>La Oficina Fiscal del Estado en Nuevo Laredo inform\u00f3 que, pese a la conclusi\u00f3n del decreto federal de regularizaci\u00f3n vehicular<\/p>\n","protected":false},"author":4,"featured_media":78493,"comment_status":"closed","ping_status":"closed","sticky":false,"template":"","format":"standard","meta":{"colormag_page_container_layout":"default_layout","colormag_page_sidebar_layout":"default_layout","_jetpack_memberships_contains_paid_content":false,"footnotes":"","jetpack_publicize_message":"","jetpack_publicize_feature_enabled":true,"jetpack_social_post_already_shared":true,"jetpack_social_options":{"image_generator_settings":{"template":"highway","default_image_id":0,"font":"","enabled":false},"version":2}},"categories":[30],"tags":[],"class_list":["post-78492","post","type-post","status-publish","format-standard","has-post-thumbnail","hentry","category-estados"],"jetpack_publicize_connections":[],"jetpack_featured_media_url":"https:\/\/i0.wp.com\/politicosaldesnudo.com.mx\/wp-content\/uploads\/2026\/01\/LOSCHO.jpg?fit=1200%2C669&ssl=1","jetpack-related-posts":[],"jetpack_sharing_enabled":true,"_links":{"self":[{"href":"https:\/\/politicosaldesnudo.com.mx\/index.php\/wp-json\/wp\/v2\/posts\/78492","targetHints":{"allow":["GET"]}}],"collection":[{"href":"https:\/\/politicosaldesnudo.com.mx\/index.php\/wp-json\/wp\/v2\/posts"}],"about":[{"href":"https:\/\/politicosaldesnudo.com.mx\/index.php\/wp-json\/wp\/v2\/types\/post"}],"author":[{"embeddable":true,"href":"https:\/\/politicosaldesnudo.com.mx\/index.php\/wp-json\/wp\/v2\/users\/4"}],"replies":[{"embeddable":true,"href":"https:\/\/politicosaldesnudo.com.mx\/index.php\/wp-json\/wp\/v2\/comments?post=78492"}],"version-history":[{"count":0,"href":"https:\/\/politicosaldesnudo.com.mx\/index.php\/wp-json\/wp\/v2\/posts\/78492\/revisions"}],"wp:featuredmedia":[{"embeddable":true,"href":"https:\/\/politicosaldesnudo.com.mx\/index.php\/wp-json\/wp\/v2\/media\/78493"}],"wp:attachment":[{"href":"https:\/\/politicosaldesnudo.com.mx\/index.php\/wp-json\/wp\/v2\/media?parent=78492"}],"wp:term":[{"taxonomy":"category","embeddable":true,"href":"https:\/\/politicosaldesnudo.com.mx\/index.php\/wp-json\/wp\/v2\/categories?post=78492"},{"taxonomy":"post_tag","embeddable":true,"href":"https:\/\/politicosaldesnudo.com.mx\/index.php\/wp-json\/wp\/v2\/tags?post=78492"}],"curies":[{"name":"wp","href":"https:\/\/api.w.org\/{rel}","templated":true}]}}