{"id":78495,"date":"2026-01-20T00:17:03","date_gmt":"2026-01-20T06:17:03","guid":{"rendered":"https:\/\/politicosaldesnudo.com.mx\/?p=78495"},"modified":"2026-01-19T23:05:23","modified_gmt":"2026-01-20T05:05:23","slug":"incendios-en-chile-devastacion-victimas-y-comunidades-atrapadas-entre-el-fuego","status":"publish","type":"post","link":"https:\/\/politicosaldesnudo.com.mx\/index.php\/2026\/01\/20\/incendios-en-chile-devastacion-victimas-y-comunidades-atrapadas-entre-el-fuego\/","title":{"rendered":"Incendios en Chile: devastaci\u00f3n, v\u00edctimas y comunidades atrapadas entre el fuego"},"content":{"rendered":"<p class=\"nota-justify\">Los siniestros forestales en la zona centro-sur de Chile, continuaban este lunes sin dar tregua, avivados por las altas temperaturas, el viento incesante y la baja humedad del aire, estim\u00e1ndose a media tarde del lunes en 33 mil las hect\u00e1reas arrasadas en las regiones del Biob\u00edo (26 mil) y de \u00d1uble (8 mil).<\/p>\n<p class=\"nota-justify\">El ministro del Interior, \u00c1lvaro Elizalde, se\u00f1al\u00f3 que \u00abhay incendios activos (25, de los cuales 11 de gran magnitud), se est\u00e1 en combate pero hay zonas a las cuales no se ha podido ingresar\u00bb, por lo cual \u201cel n\u00famero de personas afectadas va a aumentar\u201d.<\/p>\n<p class=\"nota-justify\">M\u00e1s al sur, en la Regi\u00f3n de la Araucan\u00eda, tambi\u00e9n se reportaban fuegos que han quemado unas mil 200 hect\u00e1reas de bosque nativo y plantaciones de pino y eucaliptos. El riesgo de propagaci\u00f3n era inminente y en varios municipios de la zona se declar\u00f3 la \u201calerta roja\u201d.<\/p>\n<p class=\"nota-justify\">Las v\u00edctimas fatales sumaban 19, pero las autoridades previnieron que, con seguridad, hay m\u00e1s entre las ruinas de unas mil 400 viviendas destruidas en decenas de poblados, colindantes con los bosques ardientes, algunos con destrucci\u00f3n cuasi total.<\/p>\n<p class=\"nota-justify\">Se conoci\u00f3 que en uno de ellos, Punta de Parra, aleda\u00f1o a la costa y que con 253 casas quemadas fue destruido en m\u00e1s de 80 por ciento, la madrugada del domingo la Armada evacu\u00f3 en botes a vecinos atrapados en la playa entre el mar y el fuego.<\/p>\n<p class=\"nota-justify\">La industria forestal, que en esas tres regiones plant\u00f3 hasta 6 millones de hect\u00e1reas de especies ex\u00f3ticas, comenzaba a quedar en entredicho por lo aleda\u00f1o de esos cultivos a las comunidades, con ausencia casi total de prevenciones como cortafuegos que provean una separaci\u00f3n efectiva.<\/p>\n<p class=\"nota-justify\">El mandatario, Gabriel Boric, se reuni\u00f3 en la sede del gobierno con su sucesor, el presidente electo Jos\u00e9 Antonio Kast, y sorpresivamente dieron un punto de prensa conjunto, sin aceptar preguntas.<\/p>\n<p class=\"nota-justify\">\u00abTenemos la certeza que 19 compatriotas han perdido la vida y hay cientos de viviendas destruidas. Lo que, como convers\u00e1bamos con el presidente electo, de seguro van a aumentar significativamente y lo m\u00e1s probable es que tengamos m\u00e1s de mil (las casas destruidas)\u201d, dijo Boric.<\/p>\n<p class=\"nota-justify\">Mientras que Kast, un ultraderechista que asumir\u00e1 el 11 de marzo, adem\u00e1s de valorar la informaci\u00f3n recibida, previno que \u00abChile no solamente puede enfrentar esta emergencia, sino que podemos tener m\u00e1s, (porque) vamos a tener todav\u00eda meses duros en temas clim\u00e1ticos\u201d.<\/p>\n<p class=\"nota-justify\">Adem\u00e1s de remarcar que es la administraci\u00f3n Boric la que debe enfrentar la conflagraci\u00f3n, remarc\u00f3 que ser\u00e1 a su gobierno al que corresponder\u00e1 la reconstrucci\u00f3n.<\/p>\n<p class=\"nota-justify\">Expertos alertaron acerca de la complejidad de identificar cad\u00e1veres calcinados, porque es imposible hacerlo visualmente o por huellas dactilares, lo cual obliga a ex\u00e1menes de ADN comparativos con muestras tomadas a familiares, lo cual puede tomar varias semanas.<\/p>\n","protected":false},"excerpt":{"rendered":"<p>Los siniestros forestales en la zona centro-sur de Chile, continuaban este lunes sin dar tregua, avivados por las altas temperaturas,<\/p>\n","protected":false},"author":4,"featured_media":78496,"comment_status":"closed","ping_status":"closed","sticky":false,"template":"","format":"standard","meta":{"colormag_page_container_layout":"default_layout","colormag_page_sidebar_layout":"default_layout","_jetpack_memberships_contains_paid_content":false,"footnotes":"","jetpack_publicize_message":"","jetpack_publicize_feature_enabled":true,"jetpack_social_post_already_shared":true,"jetpack_social_options":{"image_generator_settings":{"template":"highway","default_image_id":0,"font":"","enabled":false},"version":2}},"categories":[28],"tags":[],"class_list":["post-78495","post","type-post","status-publish","format-standard","has-post-thumbnail","hentry","category-internacional"],"jetpack_publicize_connections":[],"jetpack_featured_media_url":"https:\/\/i0.wp.com\/politicosaldesnudo.com.mx\/wp-content\/uploads\/2026\/01\/INCE.jpg?fit=1200%2C801&ssl=1","jetpack-related-posts":[],"jetpack_sharing_enabled":true,"_links":{"self":[{"href":"https:\/\/politicosaldesnudo.com.mx\/index.php\/wp-json\/wp\/v2\/posts\/78495","targetHints":{"allow":["GET"]}}],"collection":[{"href":"https:\/\/politicosaldesnudo.com.mx\/index.php\/wp-json\/wp\/v2\/posts"}],"about":[{"href":"https:\/\/politicosaldesnudo.com.mx\/index.php\/wp-json\/wp\/v2\/types\/post"}],"author":[{"embeddable":true,"href":"https:\/\/politicosaldesnudo.com.mx\/index.php\/wp-json\/wp\/v2\/users\/4"}],"replies":[{"embeddable":true,"href":"https:\/\/politicosaldesnudo.com.mx\/index.php\/wp-json\/wp\/v2\/comments?post=78495"}],"version-history":[{"count":0,"href":"https:\/\/politicosaldesnudo.com.mx\/index.php\/wp-json\/wp\/v2\/posts\/78495\/revisions"}],"wp:featuredmedia":[{"embeddable":true,"href":"https:\/\/politicosaldesnudo.com.mx\/index.php\/wp-json\/wp\/v2\/media\/78496"}],"wp:attachment":[{"href":"https:\/\/politicosaldesnudo.com.mx\/index.php\/wp-json\/wp\/v2\/media?parent=78495"}],"wp:term":[{"taxonomy":"category","embeddable":true,"href":"https:\/\/politicosaldesnudo.com.mx\/index.php\/wp-json\/wp\/v2\/categories?post=78495"},{"taxonomy":"post_tag","embeddable":true,"href":"https:\/\/politicosaldesnudo.com.mx\/index.php\/wp-json\/wp\/v2\/tags?post=78495"}],"curies":[{"name":"wp","href":"https:\/\/api.w.org\/{rel}","templated":true}]}}