{"id":78501,"date":"2026-01-20T00:19:47","date_gmt":"2026-01-20T06:19:47","guid":{"rendered":"https:\/\/politicosaldesnudo.com.mx\/?p=78501"},"modified":"2026-01-19T23:08:55","modified_gmt":"2026-01-20T05:08:55","slug":"primer-ministro-de-noruega-contesta-a-trump-groenlandia-es-parte-de-dinamarca-y-el-nobel-no-lo-da-nuestro-gobierno","status":"publish","type":"post","link":"https:\/\/politicosaldesnudo.com.mx\/index.php\/2026\/01\/20\/primer-ministro-de-noruega-contesta-a-trump-groenlandia-es-parte-de-dinamarca-y-el-nobel-no-lo-da-nuestro-gobierno\/","title":{"rendered":"Primer ministro de Noruega contesta a Trump: Groenlandia es parte de Dinamarca y el Nobel no lo da nuestro gobierno"},"content":{"rendered":"<p class=\"nota-justify\">El primer ministro de Noruega, Jonas Gahr St\u00f8rem, reiter\u00f3 sus posturas de que \u00abGroenlandia forma parte del Reino de Dinamarca\u00bb, y que su gobierno no otorga el Premio Nobel de la Paz, luego que el presidente estadunidense Donald Trump le enviara una carta donde le expres\u00f3 ya no sentirse obligado a \u00abpensar s\u00f3lo en la paz\u00bb, luego de que no se le otorg\u00f3 dicho galard\u00f3n.<\/p>\n<p class=\"nota-justify\">\u00abHe explicado claramente, incluso al presidente Trump, lo que es bien sabido: el premio lo otorga un Comit\u00e9 Nobel independiente y no el Gobierno noruego\u00bb, declar\u00f3 Gahr.<\/p>\n<p class=\"nota-justify\">Sobre la carta de Trump, el primer ministro detall\u00f3 que entre Noruega y el primer ministro de Finlandia, Alexander Stubb, hicieron saber al magnate americano su rechazo a los aumentos arancelarios contra sus naciones.<\/p>\n<p class=\"nota-justify\">\u00abSe\u00f1alamos la necesidad de reducir la tensi\u00f3n y propusimos una conversaci\u00f3n telef\u00f3nica entre Trump, Stubb y yo ese mismo d\u00eda.<i>\u00a0<\/i>La respuesta de Trump lleg\u00f3 poco despu\u00e9s de enviar el mensaje. Fue su decisi\u00f3n compartir su mensaje con otros l\u00edderes de la OTAN\u00bb, detall\u00f3 el primer ministro noruego en un comunicado.<\/p>\n<p><strong>Declaraci\u00f3n textual del primer ministro Jonas Gahr St\u00f8re sobre las comunicaciones con el presidente Donald Trump:<\/strong><\/p>\n<blockquote><p><i>Puedo confirmar que este es un mensaje de texto que recib\u00ed ayer por la tarde del presidente Trump. Fue en respuesta a un breve mensaje de texto que le envi\u00e9 ese mismo d\u00eda, en mi nombre y en el del presidente de Finlandia, Alexander Stubb. En nuestro mensaje a Trump, le expresamos nuestra oposici\u00f3n a sus anunciados aumentos arancelarios contra Noruega, Finlandia y otros pa\u00edses. Se\u00f1alamos la necesidad de reducir la tensi\u00f3n y propusimos una conversaci\u00f3n telef\u00f3nica entre Trump, Stubb y yo ese mismo d\u00eda. La respuesta de Trump lleg\u00f3 poco despu\u00e9s de enviar el mensaje. Fue su decisi\u00f3n compartir su mensaje con otros l\u00edderes de la OTAN\u00bb, declar\u00f3 el primer ministro Jonas Gahr St\u00f8re.<\/i><\/p>\n<p><i>La postura de Noruega sobre Groenlandia es clara. Groenlandia forma parte del Reino de Dinamarca, y Noruega apoya plenamente al Reino de Dinamarca en este asunto. Tambi\u00e9n apoyamos que la OTAN, de forma responsable, est\u00e9 tomando medidas para fortalecer la seguridad y la estabilidad en el \u00c1rtico. En cuanto al Premio Nobel de la Paz, he explicado claramente, incluso al presidente Trump, lo que es bien sabido: el premio lo otorga un Comit\u00e9 Nobel independiente y no el Gobierno noruego\u00bb, declar\u00f3 el Primer Ministro.<\/i><\/p><\/blockquote>\n","protected":false},"excerpt":{"rendered":"<p>El primer ministro de Noruega, Jonas Gahr St\u00f8rem, reiter\u00f3 sus posturas de que \u00abGroenlandia forma parte del Reino de Dinamarca\u00bb,<\/p>\n","protected":false},"author":4,"featured_media":78502,"comment_status":"closed","ping_status":"closed","sticky":false,"template":"","format":"standard","meta":{"colormag_page_container_layout":"default_layout","colormag_page_sidebar_layout":"default_layout","_jetpack_memberships_contains_paid_content":false,"footnotes":"","jetpack_publicize_message":"","jetpack_publicize_feature_enabled":true,"jetpack_social_post_already_shared":true,"jetpack_social_options":{"image_generator_settings":{"template":"highway","default_image_id":0,"font":"","enabled":false},"version":2}},"categories":[28],"tags":[],"class_list":["post-78501","post","type-post","status-publish","format-standard","has-post-thumbnail","hentry","category-internacional"],"jetpack_publicize_connections":[],"jetpack_featured_media_url":"https:\/\/i0.wp.com\/politicosaldesnudo.com.mx\/wp-content\/uploads\/2026\/01\/ANDLPU.jpg?fit=1200%2C896&ssl=1","jetpack-related-posts":[],"jetpack_sharing_enabled":true,"_links":{"self":[{"href":"https:\/\/politicosaldesnudo.com.mx\/index.php\/wp-json\/wp\/v2\/posts\/78501","targetHints":{"allow":["GET"]}}],"collection":[{"href":"https:\/\/politicosaldesnudo.com.mx\/index.php\/wp-json\/wp\/v2\/posts"}],"about":[{"href":"https:\/\/politicosaldesnudo.com.mx\/index.php\/wp-json\/wp\/v2\/types\/post"}],"author":[{"embeddable":true,"href":"https:\/\/politicosaldesnudo.com.mx\/index.php\/wp-json\/wp\/v2\/users\/4"}],"replies":[{"embeddable":true,"href":"https:\/\/politicosaldesnudo.com.mx\/index.php\/wp-json\/wp\/v2\/comments?post=78501"}],"version-history":[{"count":0,"href":"https:\/\/politicosaldesnudo.com.mx\/index.php\/wp-json\/wp\/v2\/posts\/78501\/revisions"}],"wp:featuredmedia":[{"embeddable":true,"href":"https:\/\/politicosaldesnudo.com.mx\/index.php\/wp-json\/wp\/v2\/media\/78502"}],"wp:attachment":[{"href":"https:\/\/politicosaldesnudo.com.mx\/index.php\/wp-json\/wp\/v2\/media?parent=78501"}],"wp:term":[{"taxonomy":"category","embeddable":true,"href":"https:\/\/politicosaldesnudo.com.mx\/index.php\/wp-json\/wp\/v2\/categories?post=78501"},{"taxonomy":"post_tag","embeddable":true,"href":"https:\/\/politicosaldesnudo.com.mx\/index.php\/wp-json\/wp\/v2\/tags?post=78501"}],"curies":[{"name":"wp","href":"https:\/\/api.w.org\/{rel}","templated":true}]}}