{"id":78504,"date":"2026-01-20T00:20:53","date_gmt":"2026-01-20T06:20:53","guid":{"rendered":"https:\/\/politicosaldesnudo.com.mx\/?p=78504"},"modified":"2026-01-19T23:11:00","modified_gmt":"2026-01-20T05:11:00","slug":"francia-descarta-unirse-por-ahora-al-consejo-de-paz-de-trump","status":"publish","type":"post","link":"https:\/\/politicosaldesnudo.com.mx\/index.php\/2026\/01\/20\/francia-descarta-unirse-por-ahora-al-consejo-de-paz-de-trump\/","title":{"rendered":"Francia descarta unirse, por ahora, al \u00abConsejo de Paz\u00bb de Trump"},"content":{"rendered":"<p class=\"nota-justify\">Francia \u00abno tiene previsto dar una respuesta favorable\u00bb por el momento a la invitaci\u00f3n a unirse a un \u00abConsejo de Paz\u00bb promovido por el presidente estadunidense, Donald Trump, declar\u00f3 a Afp el entorno de su par franc\u00e9s, Emmanuel Macron.<\/p>\n<p class=\"nota-justify\">La Casa Blanca ha solicitado a varios l\u00edderes mundiales que se sienten en esa junta, presidida por Trump, entre ellos el presidente ruso, Vladimir Putin; el primer ministro h\u00fangaro, Viktor Orb\u00e1n, y el primer ministro canadiense, Mark Carney.<\/p>\n<p class=\"nota-justify\">Este consejo fue concebido originalmente para supervisar la reconstrucci\u00f3n de Gaza, devastada por dos a\u00f1os de guerra, pero su estatuto, consultado por Afp, no parece limitar su funci\u00f3n al territorio palestino ocupado.<\/p>\n<p class=\"nota-justify\">El documento sobre el Consejo de Paz \u00abva m\u00e1s all\u00e1 del mero marco de Gaza\u00bb, contrariamente a las expectativas iniciales, indic\u00f3 una fuente pr\u00f3xima al presidente franc\u00e9s, reiterando que siguen comprometidos con un cese del fuego en Gaza.<\/p>\n<p class=\"nota-justify\">Esta iniciativa \u00abplantea cuestiones de gran calado, en particular en lo relativo al respeto de los principios y de la estructura de las Naciones Unidas, que en ning\u00fan caso pueden ponerse en entredicho\u00bb, agreg\u00f3.<\/p>\n<p class=\"nota-justify\">El ministerio franc\u00e9s de Relaciones Exteriores hab\u00eda recordado previamente el \u00abapego\u00bb de Francia, que ocupa un asiento permanente en el Consejo de Seguridad de la Organizaci\u00f3n de Naciones Unidas, \u00aba la Carta de las Naciones Unidas\u00bb.<\/p>\n<p class=\"nota-justify\">\u00abEsta sigue siendo la piedra angular de un multilateralismo eficaz, en el que el derecho internacional, la igualdad soberana de los Estados y la soluci\u00f3n pac\u00edfica de las controversias prevalecen sobre la arbitrariedad, las relaciones de fuerza y la guerra\u00bb, agrega la canciller\u00eda.<\/p>\n","protected":false},"excerpt":{"rendered":"<p>Francia \u00abno tiene previsto dar una respuesta favorable\u00bb por el momento a la invitaci\u00f3n a unirse a un \u00abConsejo de<\/p>\n","protected":false},"author":4,"featured_media":78505,"comment_status":"closed","ping_status":"closed","sticky":false,"template":"","format":"standard","meta":{"colormag_page_container_layout":"default_layout","colormag_page_sidebar_layout":"default_layout","_jetpack_memberships_contains_paid_content":false,"footnotes":"","jetpack_publicize_message":"","jetpack_publicize_feature_enabled":true,"jetpack_social_post_already_shared":true,"jetpack_social_options":{"image_generator_settings":{"template":"highway","default_image_id":0,"font":"","enabled":false},"version":2}},"categories":[28],"tags":[],"class_list":["post-78504","post","type-post","status-publish","format-standard","has-post-thumbnail","hentry","category-internacional"],"jetpack_publicize_connections":[],"jetpack_featured_media_url":"https:\/\/i0.wp.com\/politicosaldesnudo.com.mx\/wp-content\/uploads\/2026\/01\/FRA.jpg?fit=1200%2C800&ssl=1","jetpack-related-posts":[],"jetpack_sharing_enabled":true,"_links":{"self":[{"href":"https:\/\/politicosaldesnudo.com.mx\/index.php\/wp-json\/wp\/v2\/posts\/78504","targetHints":{"allow":["GET"]}}],"collection":[{"href":"https:\/\/politicosaldesnudo.com.mx\/index.php\/wp-json\/wp\/v2\/posts"}],"about":[{"href":"https:\/\/politicosaldesnudo.com.mx\/index.php\/wp-json\/wp\/v2\/types\/post"}],"author":[{"embeddable":true,"href":"https:\/\/politicosaldesnudo.com.mx\/index.php\/wp-json\/wp\/v2\/users\/4"}],"replies":[{"embeddable":true,"href":"https:\/\/politicosaldesnudo.com.mx\/index.php\/wp-json\/wp\/v2\/comments?post=78504"}],"version-history":[{"count":0,"href":"https:\/\/politicosaldesnudo.com.mx\/index.php\/wp-json\/wp\/v2\/posts\/78504\/revisions"}],"wp:featuredmedia":[{"embeddable":true,"href":"https:\/\/politicosaldesnudo.com.mx\/index.php\/wp-json\/wp\/v2\/media\/78505"}],"wp:attachment":[{"href":"https:\/\/politicosaldesnudo.com.mx\/index.php\/wp-json\/wp\/v2\/media?parent=78504"}],"wp:term":[{"taxonomy":"category","embeddable":true,"href":"https:\/\/politicosaldesnudo.com.mx\/index.php\/wp-json\/wp\/v2\/categories?post=78504"},{"taxonomy":"post_tag","embeddable":true,"href":"https:\/\/politicosaldesnudo.com.mx\/index.php\/wp-json\/wp\/v2\/tags?post=78504"}],"curies":[{"name":"wp","href":"https:\/\/api.w.org\/{rel}","templated":true}]}}