{"id":78511,"date":"2026-01-21T00:16:08","date_gmt":"2026-01-21T06:16:08","guid":{"rendered":"https:\/\/politicosaldesnudo.com.mx\/?p=78511"},"modified":"2026-01-21T00:16:08","modified_gmt":"2026-01-21T06:16:08","slug":"un-ano-de-relacion-sheinbaum-trump-hechos-frente-al-ruido-politico","status":"publish","type":"post","link":"https:\/\/politicosaldesnudo.com.mx\/index.php\/2026\/01\/21\/un-ano-de-relacion-sheinbaum-trump-hechos-frente-al-ruido-politico\/","title":{"rendered":"Un a\u00f1o de relaci\u00f3n Sheinbaum\u2013Trump: hechos frente al ruido pol\u00edtico"},"content":{"rendered":"<p><span style=\"font-family: arial, helvetica, sans-serif; font-size: 18pt;\"><strong>ALMA GRANDE<\/strong><\/span><\/p>\n<p><span style=\"font-family: arial, helvetica, sans-serif; font-size: 18pt;\"><strong>Por \u00c1ngel \u00c1lvaro Pe\u00f1a<\/strong><\/span><\/p>\n<p><span style=\"font-family: arial, helvetica, sans-serif; font-size: 14pt;\">A un a\u00f1o de haber tomado posesi\u00f3n nuevamente como presidente de Estados Unidos, Donald Trump se ha convertido, contra todo pron\u00f3stico de sus detractores, en un aliado estrat\u00e9gico de la presidenta de M\u00e9xico, Claudia Sheinbaum. Lejos de los escenarios de confrontaci\u00f3n que algunos auguraban, la relaci\u00f3n bilateral avanza con pragmatismo y resultados, demostrando que cuando hay intereses comunes y visi\u00f3n de Estado, la ideolog\u00eda pasa a segundo plano.<\/span><\/p>\n<p><span style=\"font-family: arial, helvetica, sans-serif; font-size: 14pt;\">Una muestra clara de esta sinton\u00eda es el rumbo que mantiene el Tratado entre M\u00e9xico, Estados Unidos y Canad\u00e1 (T-MEC). El acuerdo no s\u00f3lo se sostiene, sino que navega en buen puerto, con se\u00f1ales de estabilidad que benefician a las econom\u00edas de los tres pa\u00edses. La coordinaci\u00f3n pol\u00edtica y econ\u00f3mica ha evitado sobresaltos y ha confirmado que la cooperaci\u00f3n regional sigue siendo prioritaria para ambas naciones.<\/span><\/p>\n<p><span style=\"font-family: arial, helvetica, sans-serif; font-size: 14pt;\">Incluso en el terreno de la diplomacia internacional, el entendimiento ha quedado de manifiesto. La organizaci\u00f3n y proyecci\u00f3n del Mundial \u2014un evento de alcance global\u2014 ha servido como vitrina de coordinaci\u00f3n y respeto mutuo, enviando un mensaje claro: M\u00e9xico y Estados Unidos pueden trabajar juntos con eficacia cuando se antepone el inter\u00e9s com\u00fan.<\/span><\/p>\n<p><span style=\"font-family: arial, helvetica, sans-serif; font-size: 14pt;\">Frente a este escenario, la oposici\u00f3n mexicana parece limitada a \u201ctirar por tirar\u201d. Sus cr\u00edticas no se sostienen en hechos, sino en el deseo permanente de ver una ruptura que simplemente no ocurre. Insisten en apostar al conflicto, pero la realidad es contundente: no lograr\u00e1n enfrentar a Trump con Sheinbaum, porque ambos han optado por la ruta del entendimiento y la cooperaci\u00f3n.<\/span><\/p>\n<p><span style=\"font-family: arial, helvetica, sans-serif; font-size: 14pt;\">En el \u00e1mbito de la comunicaci\u00f3n pol\u00edtica, merece reconocimiento la labor de Jes\u00fas Ram\u00edrez, art\u00edfice de La Ma\u00f1anera del Pueblo de la presidenta Claudia Sheinbaum. Este ejercicio ha resultado positivo para el pa\u00eds, pues mantiene informada a la ciudadan\u00eda, fija agenda p\u00fablica y contrarresta los ataques sistem\u00e1ticos de una oposici\u00f3n que, ante la falta de propuestas, recurre a la desinformaci\u00f3n.<\/span><\/p>\n<p><span style=\"font-family: arial, helvetica, sans-serif; font-size: 14pt;\">La Ma\u00f1anera del Pueblo se ha consolidado como una herramienta clave para explicar decisiones, aclarar dudas y poner los temas nacionales en contexto.<\/span><\/p>\n<p><span style=\"font-family: arial, helvetica, sans-serif; font-size: 14pt;\">En el plano de la seguridad p\u00fablica, destaca tambi\u00e9n la figura de Omar Garc\u00eda Harfuch, cuya labor al frente de esta materia ha generado resultados visibles y una percepci\u00f3n de eficacia que no pasa desapercibida en el escenario nacional. Su perfil t\u00e9cnico, disciplina operativa y capacidad de coordinaci\u00f3n institucional lo han colocado como uno de los funcionarios mejor evaluados del actual gobierno. M\u00e1s all\u00e1 de cargos o coyunturas, su desempe\u00f1o lo perfila como un actor con proyecci\u00f3n nacional y lo posiciona, desde ahora, como una figura presidenciable dentro del reacomodo pol\u00edtico que comienza a gestarse rumbo al futuro.<\/span><\/p>\n<p><span style=\"font-family: arial, helvetica, sans-serif; font-size: 14pt;\">A nivel estatal, tambi\u00e9n es justo reconocer la labor de la gobernadora de Veracruz, Roc\u00edo Nahle, quien ha asumido con responsabilidad el reto de gobernar una entidad compleja y estrat\u00e9gica. Su gesti\u00f3n avanza con orden, firmeza y una clara alineaci\u00f3n con el proyecto nacional, lo que contribuye a la estabilidad pol\u00edtica y al desarrollo del estado.<\/span><\/p>\n<p><span style=\"font-family: arial, helvetica, sans-serif; font-size: 14pt;\">En suma, mientras algunos apuestan al conflicto y al desgaste, la realidad pol\u00edtica muestra acuerdos, coordinaci\u00f3n y resultados. Trump y Sheinbaum han demostrado que la relaci\u00f3n bilateral puede ser s\u00f3lida y productiva. La oposici\u00f3n puede seguir apostando a la confrontaci\u00f3n; los hechos, una y otra vez, les desmienten.<\/span><\/p>\n<p>&nbsp;<\/p>\n<p><span style=\"font-family: arial, helvetica, sans-serif; font-size: 14pt;\"><strong>PEGA Y CORRE. &#8211;<\/strong> El reciente episodio ocurrido en el Senado de la Rep\u00fablica reaviv\u00f3 la confrontaci\u00f3n pol\u00edtica en torno a la figura del exgobernador de Veracruz, Fidel Herrera Beltr\u00e1n. Durante una intervenci\u00f3n p\u00fablica, el senador de Morena, Sa\u00fal Monreal \u00c1vila, realiz\u00f3 afirmaciones en las que insinu\u00f3 que el exmandatario habr\u00eda sido corrupto y que incluso estuvo encarcelado, sin presentar pruebas documentales que sustentaran tales se\u00f1alamientos.<\/span><\/p>\n<p><span style=\"font-family: arial, helvetica, sans-serif; font-size: 14pt;\">Las declaraciones, emitidas desde la tribuna senatorial, generaron una reacci\u00f3n inmediata por parte de Fidel Herrera Borunda, hijo del exgobernador, quien calific\u00f3 estos dichos como falsos y difamatorios.<\/span><\/p>\n<p><span style=\"font-family: arial, helvetica, sans-serif; font-size: 14pt;\">Herrera Borunda fue enf\u00e1tico al aclarar que su padre nunca fue detenido ni enfrent\u00f3 \u00f3rdenes de aprehensi\u00f3n, ni en M\u00e9xico ni en el extranjero, y que no existe sentencia judicial alguna que respalde las acusaciones vertidas por el senador zacatecano. Subray\u00f3 que no se trata de opiniones, sino de hechos verificables, y advirti\u00f3 que convertir una mentira en \u201cverdad medi\u00e1tica\u201d representa una degradaci\u00f3n del debate p\u00fablico.<\/span><\/p>\n<p><span style=\"font-family: arial, helvetica, sans-serif; font-size: 14pt;\">Asimismo, calific\u00f3 como una degradaci\u00f3n pol\u00edtica las argucias utilizadas desde el Senado para sembrar sospechas sin sustento y ret\u00f3 a Sa\u00fal Monreal a debatir p\u00fablicamente en un foro abierto, donde se presenten pruebas y documentos que respalden cualquier acusaci\u00f3n.<\/span><\/p>\n<p><span style=\"font-family: arial, helvetica, sans-serif; font-size: 14pt;\">En su posicionamiento, Herrera Borunda tambi\u00e9n record\u00f3 la trayectoria p\u00fablica de su padre y defendi\u00f3 su legado como gobernador de Veracruz, destacando su compromiso con el estado y el reconocimiento que recibi\u00f3 en vida por parte de amplios sectores sociales y pol\u00edticos.<\/span><\/p>\n<p><span style=\"font-family: arial, helvetica, sans-serif; font-size: 14pt;\">Desde una experiencia personal, quien escribe estas l\u00edneas puede dar testimonio directo de ese car\u00e1cter. Cuando me desempe\u00f1\u00e9 como secretario de Turismo en el Estado, tuve la responsabilidad de coordinar y gestionar la llegada de figuras de talla internacional, entre ellas Elton John, a Veracruz, como parte de la visi\u00f3n de Fidel Herrera Beltr\u00e1n de proyectar al estado a nivel mundial. As\u00ed ocurri\u00f3 el 8 de mayo de 2010, cuando el artista brit\u00e1nico ofreci\u00f3 un concierto hist\u00f3rico en el estadio Luis \u201cPirata\u201d Fuente, en Boca del R\u00edo, ante miles de asistentes, como parte de una gira internacional que incluy\u00f3 a M\u00e9xico. M\u00e1s all\u00e1 del espect\u00e1culo, el evento tuvo un profundo sentido social, ya que la recaudaci\u00f3n por la venta de boletos fue canalizada al DIF estatal y destinada al Centro de Rehabilitaci\u00f3n Especial del Estado de Veracruz (CREEVER), generando una derrama superior a los 20 millones de pesos en beneficio de ni\u00f1as y ni\u00f1os con discapacidad.<\/span><\/p>\n<p><span style=\"font-family: arial, helvetica, sans-serif; font-size: 14pt;\">El concierto super\u00f3 las expectativas pese a los comentarios negativos, pues se cubri\u00f3 en su totalidad la zona del estadio dise\u00f1ada para su venta. Incluso, Elton John hizo una excepci\u00f3n con Veracruz y redujo considerablemente su tarifa habitual al conocer que el evento ten\u00eda un fin altruista. Trabaj\u00e9 muy de cerca con Fidel Herrera Beltr\u00e1n y constat\u00e9 su \u00edmpetu, disciplina y empe\u00f1o por impulsar a Veracruz y su proyecci\u00f3n nacional e internacional. Asimismo, junto a Rosita Borunda, se fortaleci\u00f3 el trabajo del DIF estatal mediante innumerables eventos con un profundo sentido social. Sa\u00fal habla desde la soberbia por vendepatrias.<\/span><\/p>\n<p><span style=\"font-family: arial, helvetica, sans-serif; font-size: 14pt;\">El caso abre un debate sobre los l\u00edmites del discurso pol\u00edtico y la responsabilidad de usar la memoria de figuras p\u00fablicas fallecidas. Porque si algo qued\u00f3 claro en el Senado es que no hubo pruebas, s\u00f3lo insinuaciones. Y cuando la ligereza sustituye a los hechos, lo que se corrompe no es la historia, sino el debate. En ese terreno, las palabras del senador Sa\u00fal Monreal no exhiben a Fidel Herrera, sino su inmadurez pol\u00edtica e ignorancia. Esta columna se publica los lunes, mi\u00e9rcoles y viernes.<\/span><\/p>\n<p><img data-recalc-dims=\"1\" loading=\"lazy\" decoding=\"async\" class=\"aligncenter size-full wp-image-78420\" src=\"https:\/\/i0.wp.com\/politicosaldesnudo.com.mx\/wp-content\/uploads\/2026\/01\/FIRMA-EDITORIAL-PD-4.jpg?resize=800%2C98&#038;ssl=1\" alt=\"\" width=\"800\" height=\"98\" srcset=\"https:\/\/i0.wp.com\/politicosaldesnudo.com.mx\/wp-content\/uploads\/2026\/01\/FIRMA-EDITORIAL-PD-4.jpg?w=1024&amp;ssl=1 1024w, https:\/\/i0.wp.com\/politicosaldesnudo.com.mx\/wp-content\/uploads\/2026\/01\/FIRMA-EDITORIAL-PD-4.jpg?resize=300%2C37&amp;ssl=1 300w, https:\/\/i0.wp.com\/politicosaldesnudo.com.mx\/wp-content\/uploads\/2026\/01\/FIRMA-EDITORIAL-PD-4.jpg?resize=768%2C94&amp;ssl=1 768w\" sizes=\"auto, (max-width: 800px) 100vw, 800px\" \/><\/p>\n","protected":false},"excerpt":{"rendered":"<p>ALMA GRANDE Por \u00c1ngel \u00c1lvaro Pe\u00f1a A un a\u00f1o de haber tomado posesi\u00f3n nuevamente como presidente de Estados Unidos, Donald<\/p>\n","protected":false},"author":4,"featured_media":78442,"comment_status":"closed","ping_status":"closed","sticky":false,"template":"","format":"standard","meta":{"colormag_page_container_layout":"default_layout","colormag_page_sidebar_layout":"default_layout","_jetpack_memberships_contains_paid_content":false,"footnotes":"","jetpack_publicize_message":"","jetpack_publicize_feature_enabled":true,"jetpack_social_post_already_shared":true,"jetpack_social_options":{"image_generator_settings":{"template":"highway","default_image_id":0,"font":"","enabled":false},"version":2}},"categories":[26],"tags":[],"class_list":["post-78511","post","type-post","status-publish","format-standard","has-post-thumbnail","hentry","category-columnistas"],"jetpack_publicize_connections":[],"jetpack_featured_media_url":"https:\/\/i0.wp.com\/politicosaldesnudo.com.mx\/wp-content\/uploads\/2026\/01\/BANNER-LOPEZ-DORIGA-DIGITAL-2.jpg?fit=800%2C445&ssl=1","jetpack-related-posts":[],"jetpack_sharing_enabled":true,"_links":{"self":[{"href":"https:\/\/politicosaldesnudo.com.mx\/index.php\/wp-json\/wp\/v2\/posts\/78511","targetHints":{"allow":["GET"]}}],"collection":[{"href":"https:\/\/politicosaldesnudo.com.mx\/index.php\/wp-json\/wp\/v2\/posts"}],"about":[{"href":"https:\/\/politicosaldesnudo.com.mx\/index.php\/wp-json\/wp\/v2\/types\/post"}],"author":[{"embeddable":true,"href":"https:\/\/politicosaldesnudo.com.mx\/index.php\/wp-json\/wp\/v2\/users\/4"}],"replies":[{"embeddable":true,"href":"https:\/\/politicosaldesnudo.com.mx\/index.php\/wp-json\/wp\/v2\/comments?post=78511"}],"version-history":[{"count":0,"href":"https:\/\/politicosaldesnudo.com.mx\/index.php\/wp-json\/wp\/v2\/posts\/78511\/revisions"}],"wp:featuredmedia":[{"embeddable":true,"href":"https:\/\/politicosaldesnudo.com.mx\/index.php\/wp-json\/wp\/v2\/media\/78442"}],"wp:attachment":[{"href":"https:\/\/politicosaldesnudo.com.mx\/index.php\/wp-json\/wp\/v2\/media?parent=78511"}],"wp:term":[{"taxonomy":"category","embeddable":true,"href":"https:\/\/politicosaldesnudo.com.mx\/index.php\/wp-json\/wp\/v2\/categories?post=78511"},{"taxonomy":"post_tag","embeddable":true,"href":"https:\/\/politicosaldesnudo.com.mx\/index.php\/wp-json\/wp\/v2\/tags?post=78511"}],"curies":[{"name":"wp","href":"https:\/\/api.w.org\/{rel}","templated":true}]}}