{"id":78517,"date":"2026-01-21T00:27:40","date_gmt":"2026-01-21T06:27:40","guid":{"rendered":"https:\/\/politicosaldesnudo.com.mx\/?p=78517"},"modified":"2026-01-21T00:27:40","modified_gmt":"2026-01-21T06:27:40","slug":"ejercito-mexicano-imparte-conferencias-de-prevencion-de-adicciones-en-tuxpan","status":"publish","type":"post","link":"https:\/\/politicosaldesnudo.com.mx\/index.php\/2026\/01\/21\/ejercito-mexicano-imparte-conferencias-de-prevencion-de-adicciones-en-tuxpan\/","title":{"rendered":"Ej\u00e9rcito Mexicano imparte conferencias de prevenci\u00f3n de adicciones en Tuxpan"},"content":{"rendered":"<p>Como parte de las acciones de proximidad social y fomento a la cultura de la prevenci\u00f3n, personal del Ej\u00e9rcito Mexicano, perteneciente al Hospital Militar Regional y al 5\/o. Batall\u00f3n de Ingenieros de Combate impartieron \u00f1 una Conferencia de Prevenci\u00f3n de Adicciones en las instalaciones de la Esc. Sec. No. 76 \u00abJes\u00fas Reyes Heroles\u00bb en el municipio de Tuxpan y la Esc. Prim. \u201cEnrique C. Rebsamen\u201d en el municipio de Cerro Azul del estado de Veracruz.<\/p>\n<p>La actividad estuvo dirigida a alumnos y personal docente, con el objetivo de concientizar sobre los riesgos f\u00edsicos, psicol\u00f3gicos y sociales que conlleva el consumo de sustancias nocivas, as\u00ed como promover estilos de vida saludables y la toma de decisiones responsables desde temprana edad.<\/p>\n<p>Con estas acciones, el Ej\u00e9rcito Mexicano refrenda su compromiso con la sociedad veracruzana, trabajando de manera coordinada con instituciones educativas para promover el bienestar y desarrollo de la ni\u00f1ez y juventud.<\/p>\n","protected":false},"excerpt":{"rendered":"<p>Como parte de las acciones de proximidad social y fomento a la cultura de la prevenci\u00f3n, personal del Ej\u00e9rcito Mexicano,<\/p>\n","protected":false},"author":4,"featured_media":78518,"comment_status":"closed","ping_status":"closed","sticky":false,"template":"","format":"standard","meta":{"colormag_page_container_layout":"default_layout","colormag_page_sidebar_layout":"default_layout","_jetpack_memberships_contains_paid_content":false,"footnotes":"","jetpack_publicize_message":"","jetpack_publicize_feature_enabled":true,"jetpack_social_post_already_shared":true,"jetpack_social_options":{"image_generator_settings":{"template":"highway","default_image_id":0,"font":"","enabled":false},"version":2}},"categories":[1082],"tags":[],"class_list":["post-78517","post","type-post","status-publish","format-standard","has-post-thumbnail","hentry","category-tuxpan"],"jetpack_publicize_connections":[],"jetpack_featured_media_url":"https:\/\/i0.wp.com\/politicosaldesnudo.com.mx\/wp-content\/uploads\/2026\/01\/WhatsApp-Image-2026-01-20-at-17.18.37.jpg?fit=1280%2C960&ssl=1","jetpack-related-posts":[],"jetpack_sharing_enabled":true,"_links":{"self":[{"href":"https:\/\/politicosaldesnudo.com.mx\/index.php\/wp-json\/wp\/v2\/posts\/78517","targetHints":{"allow":["GET"]}}],"collection":[{"href":"https:\/\/politicosaldesnudo.com.mx\/index.php\/wp-json\/wp\/v2\/posts"}],"about":[{"href":"https:\/\/politicosaldesnudo.com.mx\/index.php\/wp-json\/wp\/v2\/types\/post"}],"author":[{"embeddable":true,"href":"https:\/\/politicosaldesnudo.com.mx\/index.php\/wp-json\/wp\/v2\/users\/4"}],"replies":[{"embeddable":true,"href":"https:\/\/politicosaldesnudo.com.mx\/index.php\/wp-json\/wp\/v2\/comments?post=78517"}],"version-history":[{"count":0,"href":"https:\/\/politicosaldesnudo.com.mx\/index.php\/wp-json\/wp\/v2\/posts\/78517\/revisions"}],"wp:featuredmedia":[{"embeddable":true,"href":"https:\/\/politicosaldesnudo.com.mx\/index.php\/wp-json\/wp\/v2\/media\/78518"}],"wp:attachment":[{"href":"https:\/\/politicosaldesnudo.com.mx\/index.php\/wp-json\/wp\/v2\/media?parent=78517"}],"wp:term":[{"taxonomy":"category","embeddable":true,"href":"https:\/\/politicosaldesnudo.com.mx\/index.php\/wp-json\/wp\/v2\/categories?post=78517"},{"taxonomy":"post_tag","embeddable":true,"href":"https:\/\/politicosaldesnudo.com.mx\/index.php\/wp-json\/wp\/v2\/tags?post=78517"}],"curies":[{"name":"wp","href":"https:\/\/api.w.org\/{rel}","templated":true}]}}