{"id":78523,"date":"2026-01-21T00:30:07","date_gmt":"2026-01-21T06:30:07","guid":{"rendered":"https:\/\/politicosaldesnudo.com.mx\/?p=78523"},"modified":"2026-01-21T00:30:07","modified_gmt":"2026-01-21T06:30:07","slug":"entrega-recepcion-del-mando-de-armas-de-la-fuerza-naval-del-golfo","status":"publish","type":"post","link":"https:\/\/politicosaldesnudo.com.mx\/index.php\/2026\/01\/21\/entrega-recepcion-del-mando-de-armas-de-la-fuerza-naval-del-golfo\/","title":{"rendered":"Entrega-Recepci\u00f3n del Mando de Armas de la Fuerza Naval  del Golfo"},"content":{"rendered":"<p>Este martes se realiz\u00f3 la Entrega-Recepci\u00f3n del Mando de Armas de la Fuerza Naval<br \/>\ndel Golfo por acuerdo de la Comandanta Suprema de las Fuerzas Armadas, esto como parte de la rotaci\u00f3n permanente del personal y con la finalidad de que la Secretar\u00eda de Marina-Armada de<br \/>\nM\u00e9xico contin\u00fae con el cumplimiento de su misi\u00f3n y atribuciones.<\/p>\n<p>En este importante evento, estuvieron presentes el Sub Secretario de Gobierno Jos\u00e9 Manuel Pozos Castro, en representaci\u00f3n de la Gobernadora del Estado Roc\u00edo Nahle Garc\u00eda y el Presidente Municipal de Tuxpan Daniel Cortina Mart\u00ednez.<\/p>\n<p>Durante la ceremonia en presencia del Ciudadano Almirante Jos\u00e9 Manuel Salinas P\u00e9rez,<br \/>\nJefe de Operaciones Navales y Representante del Alto Mando de la Armada de M\u00e9xico, as\u00ed como<br \/>\nde autoridades navales, militares y civiles, el Ciudadano Vicealmirante Cuerpo General Diplomado de Estado Mayor Gabriel Alberto B\u00e1ez L\u00f3pez, recibi\u00f3 el Mando de la Fuerza Naval del Golfo, por entrega que le hizo el Vicealmirante Cuerpo General Diplomado de Estado Mayor Tayatzin Guerrero Mendoza, Jefe de Estado Mayor de la Fuerza Naval del Golfo en representaci\u00f3n del Vicealmirante Benito Armando Galeana Abarca, Comandante Saliente.<\/p>\n<p>Cabe destacar que el Vicealmirante Cuerpo General Diplomado de Estado Mayor Gabriel Alberto B\u00e1ez L\u00f3pez es originario de la Ciudad de Poza Rica, Veracruz y se gradu\u00f3 como Ingeniero en Ciencias Navales en la Heroica Escuela Naval; tiene maestr\u00eda en Administraci\u00f3n Naval y<br \/>\nSeguridad Nacional efectuadas en el Centro de Estudios Superiores Navales, as\u00ed como la Especialidad en Inform\u00e1tica y Actualizaci\u00f3n en Inform\u00e1tica con An\u00e1lisis de Operaciones; cuenta con los Diplomados en Derechos Humanos y de Oficial de Guardia Costera.<\/p>\n<p>Ha sido Comandante de la S\u00e9ptima Flotilla en Yucalpet\u00e9n, Yucat\u00e1n; Jefe de Grupo Comando en la Pesca, Tamaulipas; Comandante de la D\u00e9cima Flotilla de la Regi\u00f3n Naval en Manzanillo, Colima; Comandante la Flotilla de la Fuerza Naval del Pacifico en Manzanillo, Colima;<br \/>\nComandante de la Fuerza de Tarea Armada de M\u00e9xico RIMPAC 2022 en Haw\u00e1i, Estados Unidos; Jefe de Estado Mayor de la Zona Naval en Frontera, Tabasco; Comandante de la Zona Naval de Yucalpet\u00e9n, Yucat\u00e1n, Jefe de Estado Mayor de la Regi\u00f3n Naval en Salina Cruz, Oaxaca; Comandante de la Regi\u00f3n Naval en Manzanillo, Colima y Presidente de la Junta de Almirantes.<\/p>\n<p>Asimismo, fue Jefe del Grupo de Superficie del Estado Mayor General de la Armada, Secci\u00f3n Tercera; Director de \u00c1rea de la Coordinadora de Proyectos Externos; Jefe de la Secci\u00f3n Log\u00edstica de la Regi\u00f3n Naval de Ciudad del Carmen, Campeche; Director de \u00c1rea del Instituto de<br \/>\nInvestigaci\u00f3n y Desarrollo Tecnol\u00f3gico de la Armada de M\u00e9xico; Subinspector T\u00e9cnico y Jefe<br \/>\nAdministrativo de la Regi\u00f3n Naval en Isla Mujeres, Quintana Roo.<\/p>\n<p>Es importante resaltar que se ha hecho merecedor de las condecoraciones de perseverancia de Sexta, Quinta, Cuarta, Tercera, Segunda y Primera Clase por haber cumplido 10, 15, 20, 25, 30 y 35 a\u00f1os de servicio respectivamente; as\u00ed como, la Condecoraci\u00f3n de<br \/>\nPerseverancia Excepcional de Tercera y Segunda Clase por haber cumplido 40 y 45 a\u00f1os respectivamente en el Servicio Activo de la Armada de M\u00e9xico y la Condecoraci\u00f3n al M\u00e9rito<br \/>\nFacultativo Naval Segunda Clase, por haber obtenido el Segundo Lugar en el Curso de Mando Naval.<\/p>\n","protected":false},"excerpt":{"rendered":"<p>Este martes se realiz\u00f3 la Entrega-Recepci\u00f3n del Mando de Armas de la Fuerza Naval del Golfo por acuerdo de la<\/p>\n","protected":false},"author":4,"featured_media":78524,"comment_status":"closed","ping_status":"closed","sticky":false,"template":"","format":"standard","meta":{"colormag_page_container_layout":"default_layout","colormag_page_sidebar_layout":"default_layout","_jetpack_memberships_contains_paid_content":false,"footnotes":"","jetpack_publicize_message":"","jetpack_publicize_feature_enabled":true,"jetpack_social_post_already_shared":true,"jetpack_social_options":{"image_generator_settings":{"template":"highway","default_image_id":0,"font":"","enabled":false},"version":2}},"categories":[1082],"tags":[],"class_list":["post-78523","post","type-post","status-publish","format-standard","has-post-thumbnail","hentry","category-tuxpan"],"jetpack_publicize_connections":[],"jetpack_featured_media_url":"https:\/\/i0.wp.com\/politicosaldesnudo.com.mx\/wp-content\/uploads\/2026\/01\/WhatsApp-Image-2026-01-20-at-17.18.36-4.jpg?fit=1286%2C857&ssl=1","jetpack-related-posts":[],"jetpack_sharing_enabled":true,"_links":{"self":[{"href":"https:\/\/politicosaldesnudo.com.mx\/index.php\/wp-json\/wp\/v2\/posts\/78523","targetHints":{"allow":["GET"]}}],"collection":[{"href":"https:\/\/politicosaldesnudo.com.mx\/index.php\/wp-json\/wp\/v2\/posts"}],"about":[{"href":"https:\/\/politicosaldesnudo.com.mx\/index.php\/wp-json\/wp\/v2\/types\/post"}],"author":[{"embeddable":true,"href":"https:\/\/politicosaldesnudo.com.mx\/index.php\/wp-json\/wp\/v2\/users\/4"}],"replies":[{"embeddable":true,"href":"https:\/\/politicosaldesnudo.com.mx\/index.php\/wp-json\/wp\/v2\/comments?post=78523"}],"version-history":[{"count":0,"href":"https:\/\/politicosaldesnudo.com.mx\/index.php\/wp-json\/wp\/v2\/posts\/78523\/revisions"}],"wp:featuredmedia":[{"embeddable":true,"href":"https:\/\/politicosaldesnudo.com.mx\/index.php\/wp-json\/wp\/v2\/media\/78524"}],"wp:attachment":[{"href":"https:\/\/politicosaldesnudo.com.mx\/index.php\/wp-json\/wp\/v2\/media?parent=78523"}],"wp:term":[{"taxonomy":"category","embeddable":true,"href":"https:\/\/politicosaldesnudo.com.mx\/index.php\/wp-json\/wp\/v2\/categories?post=78523"},{"taxonomy":"post_tag","embeddable":true,"href":"https:\/\/politicosaldesnudo.com.mx\/index.php\/wp-json\/wp\/v2\/tags?post=78523"}],"curies":[{"name":"wp","href":"https:\/\/api.w.org\/{rel}","templated":true}]}}