{"id":78526,"date":"2026-01-21T00:31:21","date_gmt":"2026-01-21T06:31:21","guid":{"rendered":"https:\/\/politicosaldesnudo.com.mx\/?p=78526"},"modified":"2026-01-21T00:31:21","modified_gmt":"2026-01-21T06:31:21","slug":"alcalde-de-tuxpan-supervisa-obra-de-alcantarillado-de-alta-durabilidad-en-el-centro-de-la-ciudad","status":"publish","type":"post","link":"https:\/\/politicosaldesnudo.com.mx\/index.php\/2026\/01\/21\/alcalde-de-tuxpan-supervisa-obra-de-alcantarillado-de-alta-durabilidad-en-el-centro-de-la-ciudad\/","title":{"rendered":"Alcalde de Tuxpan supervisa obra de alcantarillado de alta durabilidad en el centro de la ciudad"},"content":{"rendered":"<p>El alcalde de Tuxpan, Daniel Cortina Mart\u00ednez, realiz\u00f3 una supervisi\u00f3n en el primer cuadro de la ciudad, donde se concluy\u00f3 la colocaci\u00f3n de una nueva rejilla de captaci\u00f3n pluvial, sustituyendo un socav\u00f3n que por a\u00f1os represent\u00f3 un riesgo para peatones y automovilistas.<\/p>\n<p>El presidente municipal destac\u00f3 que esta intervenci\u00f3n forma parte de un programa permanente de rehabilitaci\u00f3n de alcantarillas en distintos puntos de la ciudad, priorizando soluciones definitivas y materiales de alta calidad que garanticen una larga vida \u00fatil.<\/p>\n<p>\u201cLo que no podemos permitir es resolver un problema de manera temporal. Aqu\u00ed las cosas se hacen una sola vez y se hacen bien, para que duren muchos a\u00f1os y no se conviertan nuevamente en un riesgo\u201d, se\u00f1al\u00f3.<\/p>\n<p>Durante el recorrido, el alcalde subray\u00f3 que en apenas los primeros d\u00edas de gobierno se han atendido m\u00e1s baches y fallas urbanas que en a\u00f1os anteriores, gracias a una mejor planeaci\u00f3n, programaci\u00f3n y al aprovechamiento eficiente de los recursos y del personal municipal.<\/p>\n<p>Asimismo, aprovech\u00f3 la supervisi\u00f3n para saludar a la ciudadan\u00eda, escuchar sus inquietudes y refrendar que se trata de una administraci\u00f3n cercana, sensible y comprometida con las necesidades reales de las y los tuxpe\u00f1os.<\/p>\n<p>Estas acciones se suman a un plan integral para dignificar el centro de la ciudad, especialmente en zonas clave para el turismo y el desarrollo econ\u00f3mico, reiterando el compromiso del Gobierno Municipal de trabajar de manera permanente y cercana a la ciudadan\u00eda.<\/p>\n","protected":false},"excerpt":{"rendered":"<p>El alcalde de Tuxpan, Daniel Cortina Mart\u00ednez, realiz\u00f3 una supervisi\u00f3n en el primer cuadro de la ciudad, donde se concluy\u00f3<\/p>\n","protected":false},"author":4,"featured_media":78527,"comment_status":"closed","ping_status":"closed","sticky":false,"template":"","format":"standard","meta":{"colormag_page_container_layout":"default_layout","colormag_page_sidebar_layout":"default_layout","_jetpack_memberships_contains_paid_content":false,"footnotes":"","jetpack_publicize_message":"","jetpack_publicize_feature_enabled":true,"jetpack_social_post_already_shared":true,"jetpack_social_options":{"image_generator_settings":{"template":"highway","default_image_id":0,"font":"","enabled":false},"version":2}},"categories":[1082],"tags":[],"class_list":["post-78526","post","type-post","status-publish","format-standard","has-post-thumbnail","hentry","category-tuxpan"],"jetpack_publicize_connections":[],"jetpack_featured_media_url":"https:\/\/i0.wp.com\/politicosaldesnudo.com.mx\/wp-content\/uploads\/2026\/01\/WhatsApp-Image-2026-01-19-at-19.42.54.jpeg?fit=1280%2C854&ssl=1","jetpack-related-posts":[],"jetpack_sharing_enabled":true,"_links":{"self":[{"href":"https:\/\/politicosaldesnudo.com.mx\/index.php\/wp-json\/wp\/v2\/posts\/78526","targetHints":{"allow":["GET"]}}],"collection":[{"href":"https:\/\/politicosaldesnudo.com.mx\/index.php\/wp-json\/wp\/v2\/posts"}],"about":[{"href":"https:\/\/politicosaldesnudo.com.mx\/index.php\/wp-json\/wp\/v2\/types\/post"}],"author":[{"embeddable":true,"href":"https:\/\/politicosaldesnudo.com.mx\/index.php\/wp-json\/wp\/v2\/users\/4"}],"replies":[{"embeddable":true,"href":"https:\/\/politicosaldesnudo.com.mx\/index.php\/wp-json\/wp\/v2\/comments?post=78526"}],"version-history":[{"count":0,"href":"https:\/\/politicosaldesnudo.com.mx\/index.php\/wp-json\/wp\/v2\/posts\/78526\/revisions"}],"wp:featuredmedia":[{"embeddable":true,"href":"https:\/\/politicosaldesnudo.com.mx\/index.php\/wp-json\/wp\/v2\/media\/78527"}],"wp:attachment":[{"href":"https:\/\/politicosaldesnudo.com.mx\/index.php\/wp-json\/wp\/v2\/media?parent=78526"}],"wp:term":[{"taxonomy":"category","embeddable":true,"href":"https:\/\/politicosaldesnudo.com.mx\/index.php\/wp-json\/wp\/v2\/categories?post=78526"},{"taxonomy":"post_tag","embeddable":true,"href":"https:\/\/politicosaldesnudo.com.mx\/index.php\/wp-json\/wp\/v2\/tags?post=78526"}],"curies":[{"name":"wp","href":"https:\/\/api.w.org\/{rel}","templated":true}]}}