{"id":78529,"date":"2026-01-21T00:41:12","date_gmt":"2026-01-21T06:41:12","guid":{"rendered":"https:\/\/politicosaldesnudo.com.mx\/?p=78529"},"modified":"2026-01-21T00:41:12","modified_gmt":"2026-01-21T06:41:12","slug":"plan-michoacan-seis-mil-atenciones-en-la-feria-del-bienestar-de-marcos-castellanos","status":"publish","type":"post","link":"https:\/\/politicosaldesnudo.com.mx\/index.php\/2026\/01\/21\/plan-michoacan-seis-mil-atenciones-en-la-feria-del-bienestar-de-marcos-castellanos\/","title":{"rendered":"Plan Michoac\u00e1n: seis mil atenciones en la Feria del Bienestar de Marcos Castellanos"},"content":{"rendered":"<p>En una de las acciones que forman parte del Plan Michoac\u00e1n por la Paz y la Justicia, el gobierno federal realiz\u00f3 este martes, en el municipio de Marcos Castellanos, una de las Feria del Bienestar en la que se brindaron seis mil atenciones a la poblaci\u00f3n de la localidad.<\/p>\n<p>El objetivo de la estrategia, que es coordinada por la secretaria de Gobernaci\u00f3n, Rosa Icela Rodr\u00edguez, es facilitar el acceso a programas sociales y tr\u00e1mites administrativos a las familias de la entidad, sin que tengan que trasladarse a otras ciudades, explic\u00f3 la dependencia federal al detallar que se instalaron m\u00f3dulos de atenci\u00f3n de 33 dependencias federales, as\u00ed como del estado y del municipio, donde ofrecieron servicios y asesor\u00edas de manera directa.<\/p>\n<p>En la plaza central de San Jos\u00e9 de Gracia, cabecera de ese municipio michoacano, la poblaci\u00f3n pudo tramitar su Clave \u00danica de Registro de Poblaci\u00f3n (CURP), actas de nacimiento, o solicitar el registro para programas de bienestar, agreg\u00f3 la Secretar\u00eda de Gobernaci\u00f3n por medio de un comunicado.<\/p>\n<p>Tambi\u00e9n se instal\u00f3 un m\u00f3dulo para inscribirse en Financiera para el Bienestar (Finabien) y as\u00ed obtener Cr\u00e9dito a la Palabra, ya que el municipio Marcos Castellanos tiene una vocaci\u00f3n agr\u00edcola y ganadera.<\/p>\n<p>En tanto, a los j\u00f3venes se les ofreci\u00f3 asesor\u00eda para ser beneficiarios de las becas de educaci\u00f3n Benito Ju\u00e1rez y Rita Cetina, a la par de los m\u00f3dulos del Instituto Nacional para la Educaci\u00f3n de los Adultos (INEA).<\/p>\n<p>Adem\u00e1s se organizaron talleres art\u00edsticos y culturales, por medio del programa Semilleros Creativos, en los que ni\u00f1as, ni\u00f1os, adolescentes y j\u00f3venes participaron en actividades de fotograf\u00eda, pintura y serigraf\u00eda, entre otras acciones que fueron parte de esta Feria.<\/p>\n<p>De igual forma, se aplicaron vacunas contra sarampi\u00f3n, rub\u00e9ola, t\u00e9tanos, rotavirus y hepatitis A y B, as\u00ed como toma de presi\u00f3n arterial, y se ofrecieron programas de vivienda a mujeres y hombres que no cuentan con seguridad social.<\/p>\n","protected":false},"excerpt":{"rendered":"<p>En una de las acciones que forman parte del Plan Michoac\u00e1n por la Paz y la Justicia, el gobierno federal<\/p>\n","protected":false},"author":4,"featured_media":78530,"comment_status":"closed","ping_status":"closed","sticky":false,"template":"","format":"standard","meta":{"colormag_page_container_layout":"default_layout","colormag_page_sidebar_layout":"default_layout","_jetpack_memberships_contains_paid_content":false,"footnotes":"","jetpack_publicize_message":"","jetpack_publicize_feature_enabled":true,"jetpack_social_post_already_shared":true,"jetpack_social_options":{"image_generator_settings":{"template":"highway","default_image_id":0,"font":"","enabled":false},"version":2}},"categories":[33],"tags":[],"class_list":["post-78529","post","type-post","status-publish","format-standard","has-post-thumbnail","hentry","category-nacional"],"jetpack_publicize_connections":[],"jetpack_featured_media_url":"https:\/\/i0.wp.com\/politicosaldesnudo.com.mx\/wp-content\/uploads\/2026\/01\/planmi.jpg?fit=1200%2C800&ssl=1","jetpack-related-posts":[],"jetpack_sharing_enabled":true,"_links":{"self":[{"href":"https:\/\/politicosaldesnudo.com.mx\/index.php\/wp-json\/wp\/v2\/posts\/78529","targetHints":{"allow":["GET"]}}],"collection":[{"href":"https:\/\/politicosaldesnudo.com.mx\/index.php\/wp-json\/wp\/v2\/posts"}],"about":[{"href":"https:\/\/politicosaldesnudo.com.mx\/index.php\/wp-json\/wp\/v2\/types\/post"}],"author":[{"embeddable":true,"href":"https:\/\/politicosaldesnudo.com.mx\/index.php\/wp-json\/wp\/v2\/users\/4"}],"replies":[{"embeddable":true,"href":"https:\/\/politicosaldesnudo.com.mx\/index.php\/wp-json\/wp\/v2\/comments?post=78529"}],"version-history":[{"count":0,"href":"https:\/\/politicosaldesnudo.com.mx\/index.php\/wp-json\/wp\/v2\/posts\/78529\/revisions"}],"wp:featuredmedia":[{"embeddable":true,"href":"https:\/\/politicosaldesnudo.com.mx\/index.php\/wp-json\/wp\/v2\/media\/78530"}],"wp:attachment":[{"href":"https:\/\/politicosaldesnudo.com.mx\/index.php\/wp-json\/wp\/v2\/media?parent=78529"}],"wp:term":[{"taxonomy":"category","embeddable":true,"href":"https:\/\/politicosaldesnudo.com.mx\/index.php\/wp-json\/wp\/v2\/categories?post=78529"},{"taxonomy":"post_tag","embeddable":true,"href":"https:\/\/politicosaldesnudo.com.mx\/index.php\/wp-json\/wp\/v2\/tags?post=78529"}],"curies":[{"name":"wp","href":"https:\/\/api.w.org\/{rel}","templated":true}]}}