{"id":78532,"date":"2026-01-21T00:42:51","date_gmt":"2026-01-21T06:42:51","guid":{"rendered":"https:\/\/politicosaldesnudo.com.mx\/?p=78532"},"modified":"2026-01-21T00:42:51","modified_gmt":"2026-01-21T06:42:51","slug":"llaman-organizaciones-a-participar-en-consulta-publica-para-fortalecer-el-etiquetado-de-alimentos","status":"publish","type":"post","link":"https:\/\/politicosaldesnudo.com.mx\/index.php\/2026\/01\/21\/llaman-organizaciones-a-participar-en-consulta-publica-para-fortalecer-el-etiquetado-de-alimentos\/","title":{"rendered":"Llaman organizaciones a participar en consulta p\u00fablica para fortalecer el etiquetado de alimentos"},"content":{"rendered":"<p class=\"nota-justify\">En el contexto de la consulta p\u00fablica del Proyecto de Modificaci\u00f3n de la Norma Oficial Mexicana NOM-051-SCFI\/SSA1-2010, que regula el etiquetado de alimentos preenvasados y bebidas no alcoh\u00f3licas, integrantes de la Alianza por la Salud Alimentaria llamaron a la ciudadan\u00eda a participar en ese ejercicio, y as\u00ed colaborar en el fortalecimiento de esa estrategia.<\/p>\n<p class=\"nota-justify\">Ana Larra\u00f1aga, investigadora de Salud Alimentaria en El Poder del Consumidor, expuso en conferencia de prensa que un an\u00e1lisis publicado en la revista PLOS Medicine estima que de mantenerse el etiquetado se incrementar\u00e1 la reducci\u00f3n del consumo de kilocalor\u00edas por persona por d\u00eda, y eso podr\u00eda traducirse en 1.3 millones de casos de obesidad reducidos o prevenidos en el pa\u00eds.<\/p>\n<p class=\"nota-justify\">La coordinadora del \u00e1rea de etiquetados de alimentos y bebidas de la organizaci\u00f3n, a\u00f1adi\u00f3 que si se mejora el etiquetado los beneficios podr\u00edan ser a\u00fan ser mayores. Por ejemplo si existiera la obligaci\u00f3n de siempre colocar sellos y leyendas de advertencia en lugares visibles y con tama\u00f1os adecuados, siguiendo experiencias exitosas de pa\u00edses como Argentina y Colombia.<\/p>\n<p class=\"nota-justify\">El Poder del Consumir y Salud Cr\u00edtica, agrupaciones pertenecientes a la Alianza por la Salud Alimentaria, presentaron diversas propuestas de mejora, entre ellas la mencionada.<\/p>\n<p class=\"nota-justify\">Tambi\u00e9n, las organizaciones presentar\u00e1n propuestas para incorporar leyendas de advertencia sobre el uso de colorantes sint\u00e9ticos, cuyos posibles impactos desfavorables para las infancias han sido documentados por la evidencia cient\u00edfica.<\/p>\n<p class=\"nota-justify\">En diciembre de 2025, la Secretar\u00eda de Econom\u00eda public\u00f3 el Aviso de consulta p\u00fablica del proyecto de modificaci\u00f3n.<\/p>\n<p class=\"nota-justify\">Dor\u00e9 Castillo, directora general de Salud Cr\u00edtica, remarc\u00f3 que \u201cla participaci\u00f3n y vigilancia de la ciudadan\u00eda ser\u00e1n clave para defender un etiquetado s\u00f3lido, pero tambi\u00e9n para ir m\u00e1s all\u00e1 y mejorarlo, colocando en el centro el derecho a la informaci\u00f3n, la salud p\u00fablica y el inter\u00e9s superior de ni\u00f1as, ni\u00f1os y adolescentes, especialmente en un contexto en el que el enorme cabildeo de las industrias amenaza con debilitar la regulaci\u00f3n\u201d.<\/p>\n<p class=\"nota-justify\">Larra\u00f1aga subray\u00f3 que tras el establecimiento del etiquetado \u201cno ha habido crecimiento significativo de los \u00edndices de obesidad\u201d, y eso es \u201cparcialmente positivo, porque lo que se busca es que \u201cse vea un decrecimiento.\u201d<\/p>\n<p class=\"nota-justify\">Agreg\u00f3 que adem\u00e1s de las pol\u00edticas robustas de etiquetado y la concientizaci\u00f3n de la poblaci\u00f3n, tambi\u00e9n urge \u201cun cambio profundo en los entornos alimentarios, que haya una oferta de productos realmente m\u00e1s saludables, alimentos m\u00ednimamente procesados, alimentos naturales y a precios accesibles, sin duda es lo que tendr\u00eda un impacto mucho m\u00e1s importante.\u201d<\/p>\n<p class=\"nota-justify\">Recordaron que con el etiquetado de advertencia y las leyendas precautorias sobre ingredientes no recomendados para infancias (como la cafe\u00edna y los edulcorantes no cal\u00f3ricos), han representado un importante avance hacia la prevenci\u00f3n de enfermedades cr\u00f3nicas relacionadas con la dieta y en la defensa de los derechos de las y los consumidores.<\/p>\n<p class=\"nota-justify\">Sin embargo, organizaciones de la sociedad civil y la academia han identificado pr\u00e1cticas enga\u00f1osas por parte de diversas empresas, particularmente grandes marcas de bebidas endulzadas, que buscan ocultar sellos y leyendas mediante tama\u00f1os de letra diminutos, o coloc\u00e1ndolos en zonas poco visibles del envase.<\/p>\n<p class=\"nota-justify\">\u201cEstas pr\u00e1cticas no est\u00e1n adecuadamente cubiertas por la normativa vigente y limitan el derecho de las personas consumidoras a recibir informaci\u00f3n clara en el punto de venta\u201d, se\u00f1al\u00f3 Larra\u00f1aga.<\/p>\n<p class=\"nota-justify\">La Alianza por la Salud Alimentaria lanza una campa\u00f1a para invitar a la poblaci\u00f3n a participar en la consulta p\u00fablica y enviar sus comentarios de manera sencilla a trav\u00e9s del sitio etiquetadosclaros.org\/consulta, antes del cierre oficial del per\u00edodo el pr\u00f3ximo 3 de febrero.<\/p>\n<p class=\"nota-justify\">\u201cA trav\u00e9s de esta plataforma, se facilita el env\u00edo de opiniones y se hace un llamado directo a las autoridades para fortalecer la NOM-051 y evitar el ocultamiento de informaci\u00f3n en los productos\u201d resalt\u00f3 Javier Z\u00fa\u00f1iga, abogado de El Poder del Consumidor.<\/p>\n<p class=\"nota-justify\">Sostuvieron que es fundamental la participaci\u00f3n ciudadana para que las mejoras sean incluidas.<\/p>\n","protected":false},"excerpt":{"rendered":"<p>En el contexto de la consulta p\u00fablica del Proyecto de Modificaci\u00f3n de la Norma Oficial Mexicana NOM-051-SCFI\/SSA1-2010, que regula el<\/p>\n","protected":false},"author":4,"featured_media":78533,"comment_status":"closed","ping_status":"closed","sticky":false,"template":"","format":"standard","meta":{"colormag_page_container_layout":"default_layout","colormag_page_sidebar_layout":"default_layout","_jetpack_memberships_contains_paid_content":false,"footnotes":"","jetpack_publicize_message":"","jetpack_publicize_feature_enabled":true,"jetpack_social_post_already_shared":true,"jetpack_social_options":{"image_generator_settings":{"template":"highway","default_image_id":0,"font":"","enabled":false},"version":2}},"categories":[33],"tags":[],"class_list":["post-78532","post","type-post","status-publish","format-standard","has-post-thumbnail","hentry","category-nacional"],"jetpack_publicize_connections":[],"jetpack_featured_media_url":"https:\/\/i0.wp.com\/politicosaldesnudo.com.mx\/wp-content\/uploads\/2026\/01\/chach.jpg?fit=1200%2C799&ssl=1","jetpack-related-posts":[],"jetpack_sharing_enabled":true,"_links":{"self":[{"href":"https:\/\/politicosaldesnudo.com.mx\/index.php\/wp-json\/wp\/v2\/posts\/78532","targetHints":{"allow":["GET"]}}],"collection":[{"href":"https:\/\/politicosaldesnudo.com.mx\/index.php\/wp-json\/wp\/v2\/posts"}],"about":[{"href":"https:\/\/politicosaldesnudo.com.mx\/index.php\/wp-json\/wp\/v2\/types\/post"}],"author":[{"embeddable":true,"href":"https:\/\/politicosaldesnudo.com.mx\/index.php\/wp-json\/wp\/v2\/users\/4"}],"replies":[{"embeddable":true,"href":"https:\/\/politicosaldesnudo.com.mx\/index.php\/wp-json\/wp\/v2\/comments?post=78532"}],"version-history":[{"count":0,"href":"https:\/\/politicosaldesnudo.com.mx\/index.php\/wp-json\/wp\/v2\/posts\/78532\/revisions"}],"wp:featuredmedia":[{"embeddable":true,"href":"https:\/\/politicosaldesnudo.com.mx\/index.php\/wp-json\/wp\/v2\/media\/78533"}],"wp:attachment":[{"href":"https:\/\/politicosaldesnudo.com.mx\/index.php\/wp-json\/wp\/v2\/media?parent=78532"}],"wp:term":[{"taxonomy":"category","embeddable":true,"href":"https:\/\/politicosaldesnudo.com.mx\/index.php\/wp-json\/wp\/v2\/categories?post=78532"},{"taxonomy":"post_tag","embeddable":true,"href":"https:\/\/politicosaldesnudo.com.mx\/index.php\/wp-json\/wp\/v2\/tags?post=78532"}],"curies":[{"name":"wp","href":"https:\/\/api.w.org\/{rel}","templated":true}]}}