{"id":78535,"date":"2026-01-21T00:44:07","date_gmt":"2026-01-21T06:44:07","guid":{"rendered":"https:\/\/politicosaldesnudo.com.mx\/?p=78535"},"modified":"2026-01-21T00:44:07","modified_gmt":"2026-01-21T06:44:07","slug":"barcena-presenta-en-davos-ejes-de-mexico-para-el-desarrollo-sostenible-y-transicion-energetica","status":"publish","type":"post","link":"https:\/\/politicosaldesnudo.com.mx\/index.php\/2026\/01\/21\/barcena-presenta-en-davos-ejes-de-mexico-para-el-desarrollo-sostenible-y-transicion-energetica\/","title":{"rendered":"B\u00e1rcena presenta en Davos ejes de M\u00e9xico para el desarrollo sostenible y transici\u00f3n energ\u00e9tica"},"content":{"rendered":"<p class=\"nota-justify\">En el marco Foro Econ\u00f3mico Mundial de Davos, la secretaria de Medio Ambiente y Recursos Naturales (Semarnat), Alicia B\u00e1rcena, present\u00f3 los ejes prioritarios del gobierno de M\u00e9xico para avanzar hacia un desarrollo sostenible, entre ellos las inversiones en transici\u00f3n energ\u00e9tica a gran escala, restauraci\u00f3n y la econom\u00eda circular.<\/p>\n<p class=\"nota-justify\">Ante directivos empresariales y especialistas del sector ambiental, la funcionaria mexicana destac\u00f3 que uno de los compromisos centrales es conservar y proteger 30 por ciento del territorio nacional para 2030, como parte de los acuerdos internacionales de biodiversidad.<\/p>\n<p class=\"nota-justify\">Actualmente, el pa\u00eds cuenta con 99 millones de hect\u00e1reas de \u00e1reas naturales protegidas, tanto terrestres como marinas, que incluyen selvas y diversos ecosistemas estrat\u00e9gicos, se\u00f1al\u00f3.<\/p>\n<p class=\"nota-justify\">Durante su participaci\u00f3n en el panel \u00bfC\u00f3mo construir prosperidad dentro de los l\u00edmites planetarios?, B\u00e1rcena asegur\u00f3 que M\u00e9xico trabaja para convertirse en un pa\u00eds con cero emisiones netas, aunque reconoci\u00f3 que a\u00fan no est\u00e1 listo y depende de los combustibles f\u00f3siles.<\/p>\n<p class=\"nota-justify\">\u201cTodas las sociedades necesitan descarbonizar y hay muchas maneras de hacerlo, por supuesto, uno es eliminar los combustibles f\u00f3siles, pero un pa\u00eds como el m\u00edo probablemente no est\u00e9 listo para ello a\u00fan, aunque estamos comprometidos a hacerlo en el futuro y a convertirnos en un pa\u00eds con cero emisiones netas\u201d, subray\u00f3.<\/p>\n<p class=\"nota-justify\">B\u00e1rcena, quien acudi\u00f3 a Davos en representaci\u00f3n de la presidenta Claudia Sheinbaum, destac\u00f3 que el modelo de econom\u00eda circular es fundamental en la estrategia ambiental de M\u00e9xico, a fin de reducir los residuos y aprovechar los materiales.<\/p>\n<p class=\"nota-justify\">En este sentido, mencion\u00f3 que en el pa\u00eds se est\u00e1n creando tres parques industriales con una econom\u00eda circular en cooperaci\u00f3n con el sector privado para aumentar el reciclaje. Estos proyectos est\u00e1n enfocados en la reutilizaci\u00f3n de neum\u00e1ticos, residuos de la construcci\u00f3n, desechos s\u00f3lidos y pl\u00e1sticos, con el objetivo de reducir el impacto ambiental y generar nuevas cadenas de valor, puntualiz\u00f3 la titular de Semarnat.<\/p>\n<p class=\"nota-justify\">En el marco del Foro Econ\u00f3mico Mundial, B\u00e1rcena sostuvo una reuni\u00f3n bilateral con Peter Thomson, enviado especial del Secretario General de las Naciones Unidas para los Oc\u00e9anos.<\/p>\n<p class=\"nota-justify\">Dialogaron sobre las acciones de M\u00e9xico para la conservaci\u00f3n marina, incluyendo la Pol\u00edtica Nacional para el Manejo Sustentable de los Mares y las Costas, que busca conservar y usar de manera sostenible los oc\u00e9anos, mares y recursos marinos.<\/p>\n<p class=\"nota-justify\">Tambi\u00e9n conversaron sobre la cooperaci\u00f3n regional para enfrentar la contaminaci\u00f3n pl\u00e1stica y proteger la biodiversidad marina.<\/p>\n","protected":false},"excerpt":{"rendered":"<p>En el marco Foro Econ\u00f3mico Mundial de Davos, la secretaria de Medio Ambiente y Recursos Naturales (Semarnat), Alicia B\u00e1rcena, present\u00f3<\/p>\n","protected":false},"author":4,"featured_media":78536,"comment_status":"closed","ping_status":"closed","sticky":false,"template":"","format":"standard","meta":{"colormag_page_container_layout":"default_layout","colormag_page_sidebar_layout":"default_layout","_jetpack_memberships_contains_paid_content":false,"footnotes":"","jetpack_publicize_message":"","jetpack_publicize_feature_enabled":true,"jetpack_social_post_already_shared":true,"jetpack_social_options":{"image_generator_settings":{"template":"highway","default_image_id":0,"font":"","enabled":false},"version":2}},"categories":[33],"tags":[],"class_list":["post-78535","post","type-post","status-publish","format-standard","has-post-thumbnail","hentry","category-nacional"],"jetpack_publicize_connections":[],"jetpack_featured_media_url":"https:\/\/i0.wp.com\/politicosaldesnudo.com.mx\/wp-content\/uploads\/2026\/01\/rol.jpg?fit=1200%2C900&ssl=1","jetpack-related-posts":[],"jetpack_sharing_enabled":true,"_links":{"self":[{"href":"https:\/\/politicosaldesnudo.com.mx\/index.php\/wp-json\/wp\/v2\/posts\/78535","targetHints":{"allow":["GET"]}}],"collection":[{"href":"https:\/\/politicosaldesnudo.com.mx\/index.php\/wp-json\/wp\/v2\/posts"}],"about":[{"href":"https:\/\/politicosaldesnudo.com.mx\/index.php\/wp-json\/wp\/v2\/types\/post"}],"author":[{"embeddable":true,"href":"https:\/\/politicosaldesnudo.com.mx\/index.php\/wp-json\/wp\/v2\/users\/4"}],"replies":[{"embeddable":true,"href":"https:\/\/politicosaldesnudo.com.mx\/index.php\/wp-json\/wp\/v2\/comments?post=78535"}],"version-history":[{"count":0,"href":"https:\/\/politicosaldesnudo.com.mx\/index.php\/wp-json\/wp\/v2\/posts\/78535\/revisions"}],"wp:featuredmedia":[{"embeddable":true,"href":"https:\/\/politicosaldesnudo.com.mx\/index.php\/wp-json\/wp\/v2\/media\/78536"}],"wp:attachment":[{"href":"https:\/\/politicosaldesnudo.com.mx\/index.php\/wp-json\/wp\/v2\/media?parent=78535"}],"wp:term":[{"taxonomy":"category","embeddable":true,"href":"https:\/\/politicosaldesnudo.com.mx\/index.php\/wp-json\/wp\/v2\/categories?post=78535"},{"taxonomy":"post_tag","embeddable":true,"href":"https:\/\/politicosaldesnudo.com.mx\/index.php\/wp-json\/wp\/v2\/tags?post=78535"}],"curies":[{"name":"wp","href":"https:\/\/api.w.org\/{rel}","templated":true}]}}