{"id":78538,"date":"2026-01-21T00:45:36","date_gmt":"2026-01-21T06:45:36","guid":{"rendered":"https:\/\/politicosaldesnudo.com.mx\/?p=78538"},"modified":"2026-01-21T00:45:36","modified_gmt":"2026-01-21T06:45:36","slug":"pvem-y-gobernacion-dialogan-sobre-la-reforma-electoral","status":"publish","type":"post","link":"https:\/\/politicosaldesnudo.com.mx\/index.php\/2026\/01\/21\/pvem-y-gobernacion-dialogan-sobre-la-reforma-electoral\/","title":{"rendered":"PVEM y Gobernaci\u00f3n dialogan sobre la reforma electoral"},"content":{"rendered":"<p class=\"nota-justify\">La dirigencia del Partido Verde Ecologista de M\u00e9xico (PVEM) se reuni\u00f3 este martes con la Secretaria de Gobernaci\u00f3n, Rosa Icela Rodr\u00edguez Vel\u00e1zquez, para dialogar sobre la reforma electoral. Adem\u00e1s, adelantaron que sostendr\u00e1n la pr\u00f3xima semana una reuni\u00f3n formal con la Comisi\u00f3n Presidencial creada para esta reforma, la cual les presentar\u00e1 los ejes de la iniciativa.<\/p>\n<p class=\"nota-justify\">\u201cAgradecemos la apertura y el valioso intercambio de ideas en este espacio de di\u00e1logo\u201d, dijo en redes sociales la dirigente nacional del PVEM, Karen Castrej\u00f3n, luego del encuentro al que tambi\u00e9n asistieron los coordinadores de esta fuerza pol\u00edtica en el Congreso de la Uni\u00f3n, el senador Manuel Velasco, y el diputado Carlos Puente Salas.<\/p>\n<p class=\"nota-justify\">\u201cRevisamos y analizamos temas importantes de la agenda legislativa para el siguiente periodo ordinario de sesiones. \u00a1Avanzamos!\u201d, expres\u00f3 Puente Salas. \u201cHoy en Bucareli sostuvimos un di\u00e1logo abierto con la Secretaria de Gobernaci\u00f3n, Rosa Icela Rodr\u00edguez, para seguir construyendo a favor de M\u00e9xico y donde reafirmamos nuestra alianza con el proyecto de la Presidenta Claudia Sheinbaum Pardo, para que siga beneficiando al pueblo de M\u00e9xico\u201d, agreg\u00f3 Manuel Velasco.<\/p>\n<p class=\"nota-justify\">En tanto, al salir de la sede de la Secretar\u00eda de Gobernaci\u00f3n, Castrej\u00f3n detall\u00f3 que la reuni\u00f3n que programaron con la Comisi\u00f3n presidencial ser\u00e1 \u201cpara conocer los puntos de lo que va a tratar, y que nos expliquen como va cada uno de los temas que ellos traen pensados para poder redactar esa iniciativa\u201d.<\/p>\n<p class=\"nota-justify\">Castrej\u00f3n recalc\u00f3 que la Comisi\u00f3n presidencial les presentar\u00e1 al PVEM \u201cde primera mano los puntos que tratar\u00e1, ese s\u00ed fue un tema que nos lo compartir\u00e1n en cuanto lo tengan, y para nosotros eso ser\u00e1 muy importante para de ah\u00ed dar una postura oficial respecto a cada uno de los puntos que va a incluir esa reforma\u201d.<\/p>\n<p class=\"nota-justify\">Apunt\u00f3 que en el encuentro de este martes, al que por parte de la Secretar\u00eda de Gobernaci\u00f3n s\u00f3lo estuvo presente Rodr\u00edguez Vel\u00e1zquez, no tocaron alg\u00fan punto en particular. Por parte del PVEM tampoco hubo alg\u00fan compromiso en esta ruta, ya que a\u00fan no hay una redacci\u00f3n, insisti\u00f3 la verde ecologista.<\/p>\n","protected":false},"excerpt":{"rendered":"<p>La dirigencia del Partido Verde Ecologista de M\u00e9xico (PVEM) se reuni\u00f3 este martes con la Secretaria de Gobernaci\u00f3n, Rosa Icela<\/p>\n","protected":false},"author":4,"featured_media":78539,"comment_status":"closed","ping_status":"closed","sticky":false,"template":"","format":"standard","meta":{"colormag_page_container_layout":"default_layout","colormag_page_sidebar_layout":"default_layout","_jetpack_memberships_contains_paid_content":false,"footnotes":"","jetpack_publicize_message":"","jetpack_publicize_feature_enabled":true,"jetpack_social_post_already_shared":true,"jetpack_social_options":{"image_generator_settings":{"template":"highway","default_image_id":0,"font":"","enabled":false},"version":2}},"categories":[33],"tags":[],"class_list":["post-78538","post","type-post","status-publish","format-standard","has-post-thumbnail","hentry","category-nacional"],"jetpack_publicize_connections":[],"jetpack_featured_media_url":"https:\/\/i0.wp.com\/politicosaldesnudo.com.mx\/wp-content\/uploads\/2026\/01\/sink.jpg?fit=1200%2C1219&ssl=1","jetpack-related-posts":[],"jetpack_sharing_enabled":true,"_links":{"self":[{"href":"https:\/\/politicosaldesnudo.com.mx\/index.php\/wp-json\/wp\/v2\/posts\/78538","targetHints":{"allow":["GET"]}}],"collection":[{"href":"https:\/\/politicosaldesnudo.com.mx\/index.php\/wp-json\/wp\/v2\/posts"}],"about":[{"href":"https:\/\/politicosaldesnudo.com.mx\/index.php\/wp-json\/wp\/v2\/types\/post"}],"author":[{"embeddable":true,"href":"https:\/\/politicosaldesnudo.com.mx\/index.php\/wp-json\/wp\/v2\/users\/4"}],"replies":[{"embeddable":true,"href":"https:\/\/politicosaldesnudo.com.mx\/index.php\/wp-json\/wp\/v2\/comments?post=78538"}],"version-history":[{"count":0,"href":"https:\/\/politicosaldesnudo.com.mx\/index.php\/wp-json\/wp\/v2\/posts\/78538\/revisions"}],"wp:featuredmedia":[{"embeddable":true,"href":"https:\/\/politicosaldesnudo.com.mx\/index.php\/wp-json\/wp\/v2\/media\/78539"}],"wp:attachment":[{"href":"https:\/\/politicosaldesnudo.com.mx\/index.php\/wp-json\/wp\/v2\/media?parent=78538"}],"wp:term":[{"taxonomy":"category","embeddable":true,"href":"https:\/\/politicosaldesnudo.com.mx\/index.php\/wp-json\/wp\/v2\/categories?post=78538"},{"taxonomy":"post_tag","embeddable":true,"href":"https:\/\/politicosaldesnudo.com.mx\/index.php\/wp-json\/wp\/v2\/tags?post=78538"}],"curies":[{"name":"wp","href":"https:\/\/api.w.org\/{rel}","templated":true}]}}