{"id":78541,"date":"2026-01-21T00:47:10","date_gmt":"2026-01-21T06:47:10","guid":{"rendered":"https:\/\/politicosaldesnudo.com.mx\/?p=78541"},"modified":"2026-01-21T00:47:10","modified_gmt":"2026-01-21T06:47:10","slug":"descarta-crt-descuentos-en-pago-de-derechos-para-redes-industriales","status":"publish","type":"post","link":"https:\/\/politicosaldesnudo.com.mx\/index.php\/2026\/01\/21\/descarta-crt-descuentos-en-pago-de-derechos-para-redes-industriales\/","title":{"rendered":"Descarta CRT descuentos en pago de derechos para redes industriales"},"content":{"rendered":"<p class=\"nota-justify\" dir=\"ltr\">La Comisi\u00f3n Reguladora de Telecomunicaciones (CRT) descart\u00f3 los descuentos en el pago de derechos por el uso de las redes industriales que se licitar\u00e1n este a\u00f1o.<\/p>\n<p class=\"nota-justify\" dir=\"ltr\">\u201cNo estar\u00edamos pensando en el tipo de descuentos como los que est\u00e1n previstos directamente en la ley, porque esos descuentos, la ley tambi\u00e9n dice muy claramente que son a cambio de cobertura\u201d, coment\u00f3 Marisol Nava Le\u00f3n, directora general de licitaciones de espectro de la CRT.<\/p>\n<p class=\"nota-justify\" dir=\"ltr\">En el D\u00eda 2 de las Mesas de di\u00e1logo sobre Conectividad Para Usos Industriales, aclar\u00f3 que si bien no habr\u00e1 descuentos en las redes para la industria, la CRT eval\u00faa la definici\u00f3n de los valores m\u00ednimos de referencia y las reglas del proceso competitivo para cuidar el tema los precios en ese sector.<\/p>\n<p class=\"nota-justify\" dir=\"ltr\">\u201cEfectivamente no son iguales en otras las licitaciones, que son otras bandas, que se pagan por por personas, por \u00e1rea y tampoco le pueden aplicar esos descuentos ni las obligaciones asociadas\u201d, sostuvo la directiva.<\/p>\n<p class=\"nota-justify\" dir=\"ltr\">Por su parte, Ricardo Casta\u00f1eda, director de pol\u00edtica regulatoria del organismo, expuso que el c\u00e1lculo del pago de derechos anuales por el uso y aprovechamiento de las bandas se basan en la poblaci\u00f3n contenida dentro de las diferentes regiones cubiertas.<\/p>\n<p class=\"nota-justify\" dir=\"ltr\">\u201cEst\u00e1n basados en la poblaci\u00f3n contenida dentro de estas regiones o la poblaci\u00f3n fraccionaria que corresponda a los estados o municipios donde se est\u00e1n otorgando las concesiones\u201d, coment\u00f3.<\/p>\n<p class=\"nota-justify\" dir=\"ltr\">\u201cNo obstante, recordemos que estos usos que estamos evaluando (las redes industriales), son usos que no est\u00e1n destinados para la poblaci\u00f3n en general, est\u00e1n pensados para que se conecten principalmente m\u00e1quinas, sensores maquinaria y personas\u201d, dijo.<\/p>\n<p class=\"nota-justify\" dir=\"ltr\">En el caso de estas \u00faltimas, para que en dispositivos como tabletas, las personas ejecuten procesos y log\u00edsticas dentro de sus industrias.<\/p>\n<p class=\"nota-justify\" dir=\"ltr\">Los sectores automotriz, manufactura, miner\u00eda, log\u00edstica y salud tendr\u00edan beneficios de acuerdo con su actividad al tener su propia red, para lo cual la CRT realizar\u00e1 las licitaciones.<\/p>\n","protected":false},"excerpt":{"rendered":"<p>La Comisi\u00f3n Reguladora de Telecomunicaciones (CRT) descart\u00f3 los descuentos en el pago de derechos por el uso de las redes<\/p>\n","protected":false},"author":4,"featured_media":78542,"comment_status":"closed","ping_status":"closed","sticky":false,"template":"","format":"standard","meta":{"colormag_page_container_layout":"default_layout","colormag_page_sidebar_layout":"default_layout","_jetpack_memberships_contains_paid_content":false,"footnotes":"","jetpack_publicize_message":"","jetpack_publicize_feature_enabled":true,"jetpack_social_post_already_shared":true,"jetpack_social_options":{"image_generator_settings":{"template":"highway","default_image_id":0,"font":"","enabled":false},"version":2}},"categories":[2050],"tags":[],"class_list":["post-78541","post","type-post","status-publish","format-standard","has-post-thumbnail","hentry","category-economia"],"jetpack_publicize_connections":[],"jetpack_featured_media_url":"https:\/\/i0.wp.com\/politicosaldesnudo.com.mx\/wp-content\/uploads\/2026\/01\/antn.jpg?fit=1200%2C900&ssl=1","jetpack-related-posts":[],"jetpack_sharing_enabled":true,"_links":{"self":[{"href":"https:\/\/politicosaldesnudo.com.mx\/index.php\/wp-json\/wp\/v2\/posts\/78541","targetHints":{"allow":["GET"]}}],"collection":[{"href":"https:\/\/politicosaldesnudo.com.mx\/index.php\/wp-json\/wp\/v2\/posts"}],"about":[{"href":"https:\/\/politicosaldesnudo.com.mx\/index.php\/wp-json\/wp\/v2\/types\/post"}],"author":[{"embeddable":true,"href":"https:\/\/politicosaldesnudo.com.mx\/index.php\/wp-json\/wp\/v2\/users\/4"}],"replies":[{"embeddable":true,"href":"https:\/\/politicosaldesnudo.com.mx\/index.php\/wp-json\/wp\/v2\/comments?post=78541"}],"version-history":[{"count":0,"href":"https:\/\/politicosaldesnudo.com.mx\/index.php\/wp-json\/wp\/v2\/posts\/78541\/revisions"}],"wp:featuredmedia":[{"embeddable":true,"href":"https:\/\/politicosaldesnudo.com.mx\/index.php\/wp-json\/wp\/v2\/media\/78542"}],"wp:attachment":[{"href":"https:\/\/politicosaldesnudo.com.mx\/index.php\/wp-json\/wp\/v2\/media?parent=78541"}],"wp:term":[{"taxonomy":"category","embeddable":true,"href":"https:\/\/politicosaldesnudo.com.mx\/index.php\/wp-json\/wp\/v2\/categories?post=78541"},{"taxonomy":"post_tag","embeddable":true,"href":"https:\/\/politicosaldesnudo.com.mx\/index.php\/wp-json\/wp\/v2\/tags?post=78541"}],"curies":[{"name":"wp","href":"https:\/\/api.w.org\/{rel}","templated":true}]}}