{"id":78544,"date":"2026-01-21T00:48:26","date_gmt":"2026-01-21T06:48:26","guid":{"rendered":"https:\/\/politicosaldesnudo.com.mx\/?p=78544"},"modified":"2026-01-21T00:48:26","modified_gmt":"2026-01-21T06:48:26","slug":"miles-de-agricultores-europeos-se-manifiestan-contra-el-acuerdo-ue-mercosur","status":"publish","type":"post","link":"https:\/\/politicosaldesnudo.com.mx\/index.php\/2026\/01\/21\/miles-de-agricultores-europeos-se-manifiestan-contra-el-acuerdo-ue-mercosur\/","title":{"rendered":"Miles de agricultores europeos se manifiestan contra el acuerdo UE-Mercosur"},"content":{"rendered":"<p class=\"nota-justify\">Miles de agricultores, a bordo de decenas de tractores, protestaron este martes contra el acuerdo comercial entre la Uni\u00f3n Europea (UE) y el Mercado Com\u00fan del Sur (Mercosur) ante el Parlamento Europeo, un d\u00eda antes que \u00e9ste decida si enviar\u00e1 el tratado a que lo analicen las instancias de justicia.<\/p>\n<p class=\"nota-justify\">Agricultores franceses, italianos, belgas e incluso polacos se manifestaron a varios cientos de metros de su sede en Estrasburgo, en el noreste de Francia. La protesta congreg\u00f3 m\u00e1s de 5 mil 500 personas, seg\u00fan la polic\u00eda.<\/p>\n<p class=\"nota-justify\">La protesta registr\u00f3 momentos de tensi\u00f3n. Algunos manifestantes lanzaron bengalas de humo, botellas y frutas contra las fuerzas de seguridad, que respondieron con gases lacrim\u00f3genos.<\/p>\n<p class=\"nota-justify\">Los agricultores tienen en el punto de mira a la titular de la Comisi\u00f3n Europea, Ursula von der Leyen, quien firm\u00f3 el s\u00e1bado este acuerdo de libre comercio entre la UE y Argentina, Brasil, Paraguay y Uruguay, pese al rechazo de un pu\u00f1ado de pa\u00edses, entre ellos Francia.<\/p>\n<p class=\"nota-justify\">Este acuerdo se traducir\u00e1 en la importaci\u00f3n de alimentos \u201cproducidos de manera completamente diferente que en Europa, con m\u00e1s productos fitosanitarios y sin las mismas normas\u201d, dijo Baptiste Mary, un agricultor franc\u00e9s de 24 a\u00f1os.<\/p>\n<p class=\"nota-justify\">Pese a la firma, el tratado no puede entrar en vigor, hasta que sea ratificado por los parlamentos nacionales de los pa\u00edses del Mercosur y por el Parlamento Europeo, cuyo voto est\u00e1 previsto en los pr\u00f3ximos meses.<\/p>\n","protected":false},"excerpt":{"rendered":"<p>Miles de agricultores, a bordo de decenas de tractores, protestaron este martes contra el acuerdo comercial entre la Uni\u00f3n Europea<\/p>\n","protected":false},"author":4,"featured_media":78545,"comment_status":"closed","ping_status":"closed","sticky":false,"template":"","format":"standard","meta":{"colormag_page_container_layout":"default_layout","colormag_page_sidebar_layout":"default_layout","_jetpack_memberships_contains_paid_content":false,"footnotes":"","jetpack_publicize_message":"","jetpack_publicize_feature_enabled":true,"jetpack_social_post_already_shared":true,"jetpack_social_options":{"image_generator_settings":{"template":"highway","default_image_id":0,"font":"","enabled":false},"version":2}},"categories":[2050],"tags":[],"class_list":["post-78544","post","type-post","status-publish","format-standard","has-post-thumbnail","hentry","category-economia"],"jetpack_publicize_connections":[],"jetpack_featured_media_url":"https:\/\/i0.wp.com\/politicosaldesnudo.com.mx\/wp-content\/uploads\/2026\/01\/agri-1.jpg?fit=1200%2C801&ssl=1","jetpack-related-posts":[],"jetpack_sharing_enabled":true,"_links":{"self":[{"href":"https:\/\/politicosaldesnudo.com.mx\/index.php\/wp-json\/wp\/v2\/posts\/78544","targetHints":{"allow":["GET"]}}],"collection":[{"href":"https:\/\/politicosaldesnudo.com.mx\/index.php\/wp-json\/wp\/v2\/posts"}],"about":[{"href":"https:\/\/politicosaldesnudo.com.mx\/index.php\/wp-json\/wp\/v2\/types\/post"}],"author":[{"embeddable":true,"href":"https:\/\/politicosaldesnudo.com.mx\/index.php\/wp-json\/wp\/v2\/users\/4"}],"replies":[{"embeddable":true,"href":"https:\/\/politicosaldesnudo.com.mx\/index.php\/wp-json\/wp\/v2\/comments?post=78544"}],"version-history":[{"count":0,"href":"https:\/\/politicosaldesnudo.com.mx\/index.php\/wp-json\/wp\/v2\/posts\/78544\/revisions"}],"wp:featuredmedia":[{"embeddable":true,"href":"https:\/\/politicosaldesnudo.com.mx\/index.php\/wp-json\/wp\/v2\/media\/78545"}],"wp:attachment":[{"href":"https:\/\/politicosaldesnudo.com.mx\/index.php\/wp-json\/wp\/v2\/media?parent=78544"}],"wp:term":[{"taxonomy":"category","embeddable":true,"href":"https:\/\/politicosaldesnudo.com.mx\/index.php\/wp-json\/wp\/v2\/categories?post=78544"},{"taxonomy":"post_tag","embeddable":true,"href":"https:\/\/politicosaldesnudo.com.mx\/index.php\/wp-json\/wp\/v2\/tags?post=78544"}],"curies":[{"name":"wp","href":"https:\/\/api.w.org\/{rel}","templated":true}]}}