{"id":78550,"date":"2026-01-21T00:51:16","date_gmt":"2026-01-21T06:51:16","guid":{"rendered":"https:\/\/politicosaldesnudo.com.mx\/?p=78550"},"modified":"2026-01-21T00:51:16","modified_gmt":"2026-01-21T06:51:16","slug":"recorte-a-la-tasa-del-bdem-sera-hasta-mayo-preve-encuesta-de-citi-mexico","status":"publish","type":"post","link":"https:\/\/politicosaldesnudo.com.mx\/index.php\/2026\/01\/21\/recorte-a-la-tasa-del-bdem-sera-hasta-mayo-preve-encuesta-de-citi-mexico\/","title":{"rendered":"Recorte a la tasa del BdeM ser\u00e1 hasta mayo, prev\u00e9 Encuesta de Citi M\u00e9xico"},"content":{"rendered":"<p class=\"nota-justify\">Las tasas de inter\u00e9s se mantendr\u00e1n como hasta ahora durante buena parte de la primera mitad del a\u00f1o. Ser\u00e1 hasta mayo cuando bajar\u00edan, toda vez que el Banco de M\u00e9xico (BdeM) recortar\u00eda en un cuarto de punto porcentual la tasa de referencia, el instrumento que marca el costo al que se financian empresas y familias.<\/p>\n<p class=\"nota-justify\">Esa es la \u00faltima estimaci\u00f3n que se desprende de la Encuesta Citi M\u00e9xico de Expectativas, documento publicado cada 15 d\u00edas por el consorcio de origen estadounidense, que incluye las proyecciones de las principales \u00e1reas de estudios econ\u00f3micos de diversos grupos financieros del pa\u00eds.<\/p>\n<p class=\"nota-justify\">Actualmente, el banco central mantiene la tasa de referencia en un nivel de 7 por ciento, y seg\u00fan los pron\u00f3sticos de la mayor\u00eda de los especialistas consultados por Citi, ser\u00eda hasta mayo cuando la junta de gobierno la reduzca en un cuarto de punto, con lo que pasar\u00eda a 6.75 por ciento desde 2022.<\/p>\n<p class=\"nota-justify\">\u201cDe los 35 encuestados, 18 esperan el pr\u00f3ximo recorte en la reuni\u00f3n de mayo\u201d, detalla la Encuesta publicada este martes.<\/p>\n<p class=\"nota-justify\">La mayor\u00eda de los participantes de la encuesta prev\u00e9n que, al concluir 2026, la tasa de referencia se ubique en un nivel de 6.5 por ciento, lo que implicar\u00eda otro recorte de esa misma proporci\u00f3n durante el a\u00f1o.<\/p>\n","protected":false},"excerpt":{"rendered":"<p>Las tasas de inter\u00e9s se mantendr\u00e1n como hasta ahora durante buena parte de la primera mitad del a\u00f1o. Ser\u00e1 hasta<\/p>\n","protected":false},"author":4,"featured_media":78551,"comment_status":"closed","ping_status":"closed","sticky":false,"template":"","format":"standard","meta":{"colormag_page_container_layout":"default_layout","colormag_page_sidebar_layout":"default_layout","_jetpack_memberships_contains_paid_content":false,"footnotes":"","jetpack_publicize_message":"","jetpack_publicize_feature_enabled":true,"jetpack_social_post_already_shared":true,"jetpack_social_options":{"image_generator_settings":{"template":"highway","default_image_id":0,"font":"","enabled":false},"version":2}},"categories":[2050],"tags":[],"class_list":["post-78550","post","type-post","status-publish","format-standard","has-post-thumbnail","hentry","category-economia"],"jetpack_publicize_connections":[],"jetpack_featured_media_url":"https:\/\/i0.wp.com\/politicosaldesnudo.com.mx\/wp-content\/uploads\/2026\/01\/cit.jpg?fit=1200%2C675&ssl=1","jetpack-related-posts":[],"jetpack_sharing_enabled":true,"_links":{"self":[{"href":"https:\/\/politicosaldesnudo.com.mx\/index.php\/wp-json\/wp\/v2\/posts\/78550","targetHints":{"allow":["GET"]}}],"collection":[{"href":"https:\/\/politicosaldesnudo.com.mx\/index.php\/wp-json\/wp\/v2\/posts"}],"about":[{"href":"https:\/\/politicosaldesnudo.com.mx\/index.php\/wp-json\/wp\/v2\/types\/post"}],"author":[{"embeddable":true,"href":"https:\/\/politicosaldesnudo.com.mx\/index.php\/wp-json\/wp\/v2\/users\/4"}],"replies":[{"embeddable":true,"href":"https:\/\/politicosaldesnudo.com.mx\/index.php\/wp-json\/wp\/v2\/comments?post=78550"}],"version-history":[{"count":0,"href":"https:\/\/politicosaldesnudo.com.mx\/index.php\/wp-json\/wp\/v2\/posts\/78550\/revisions"}],"wp:featuredmedia":[{"embeddable":true,"href":"https:\/\/politicosaldesnudo.com.mx\/index.php\/wp-json\/wp\/v2\/media\/78551"}],"wp:attachment":[{"href":"https:\/\/politicosaldesnudo.com.mx\/index.php\/wp-json\/wp\/v2\/media?parent=78550"}],"wp:term":[{"taxonomy":"category","embeddable":true,"href":"https:\/\/politicosaldesnudo.com.mx\/index.php\/wp-json\/wp\/v2\/categories?post=78550"},{"taxonomy":"post_tag","embeddable":true,"href":"https:\/\/politicosaldesnudo.com.mx\/index.php\/wp-json\/wp\/v2\/tags?post=78550"}],"curies":[{"name":"wp","href":"https:\/\/api.w.org\/{rel}","templated":true}]}}