{"id":78556,"date":"2026-01-21T00:54:16","date_gmt":"2026-01-21T06:54:16","guid":{"rendered":"https:\/\/politicosaldesnudo.com.mx\/?p=78556"},"modified":"2026-01-21T00:54:16","modified_gmt":"2026-01-21T06:54:16","slug":"unay-crea-fundacion-ciudadana-para-apoyar-la-educacion-artistica-en-yucatan","status":"publish","type":"post","link":"https:\/\/politicosaldesnudo.com.mx\/index.php\/2026\/01\/21\/unay-crea-fundacion-ciudadana-para-apoyar-la-educacion-artistica-en-yucatan\/","title":{"rendered":"UNAY crea fundaci\u00f3n ciudadana para apoyar la educaci\u00f3n art\u00edstica en Yucat\u00e1n"},"content":{"rendered":"<p class=\"nota-justify\">La Universidad de las Artes de Yucat\u00e1n (UNAY) present\u00f3 oficialmente hoy la Fundaci\u00f3n para la UNAY, una iniciativa integrada por ciudadanas y ciudadanos comprometidos con con impulsar el arte y la educaci\u00f3n art\u00edstica, sobre todo en apoyo a j\u00f3venes talentos de la danza, la m\u00fasica, el cine, las artes visuales y el teatro.<\/p>\n<p class=\"nota-justify\">La fundaci\u00f3n tiene como misi\u00f3n integrar a la sociedad y sumar voluntades para que el arte y la educaci\u00f3n art\u00edstica inspiren, unan y fortalezcan el desarrollo humano y creativo de Yucat\u00e1n, fomentando una comunidad m\u00e1s sensible, participativa y comprometida con su entorno.<\/p>\n<p class=\"nota-justify\">Durante la ceremonia de presentaci\u00f3n, el rector de la UNAY, Domingo Rodr\u00edguez Semerena, afirm\u00f3 que la conformaci\u00f3n de la fundaci\u00f3n representa un hecho relevante en la vida institucional de la universidad, al surgir de la convicci\u00f3n de que una universidad p\u00fablica \u2014y, en particular, una dedicada a las artes\u2014 requiere v\u00ednculos s\u00f3lidos con la sociedad civil.<\/p>\n<p class=\"nota-justify\">\u201cHoy anunciamos el establecimiento formal de la Fundaci\u00f3n para la Universidad de las Artes de Yucat\u00e1n -hasta la fecha, la \u00fanica en su g\u00e9nero en la Pen\u00ednsula de Yucat\u00e1n- y damos el primer paso hacia un futuro convenio de colaboraci\u00f3n que permitir\u00e1 su consolidaci\u00f3n en beneficio del arte, la cultura y la educaci\u00f3n\u201d, afirm\u00f3.<\/p>\n<p class=\"nota-justify\">En su intervenci\u00f3n, el presidente de la Fundaci\u00f3n UNAY, Gerardo D\u00edaz Roche, se\u00f1al\u00f3 que, mediante acciones concretas, es posible contribuir al fortalecimiento de la educaci\u00f3n, el arte y la cultura, con el objetivo de construir un Yucat\u00e1n m\u00e1s sensible, creativo y pr\u00f3spero para las futuras generaciones.<\/p>\n<p class=\"nota-justify\">El tambi\u00e9n empresario explic\u00f3 que las aportaciones a la fundaci\u00f3n pueden realizarse de manera anual o dividirse en donaciones mensuales, bimestrales o semestrales, de acuerdo con las siguientes categor\u00edas: Semilla, de 5 mil a 20 mil pesos; Ra\u00edz, de 20 mil a 35 mil pesos; Planta, de 35 mil a 50 mil pesos; \u00c1rbol, de 50 mil a 65 mil pesos; Bosque, de 65 mil a 80 mil pesos; y Paisaje, de 80 mil a 120 mil pesos; as\u00ed como la categor\u00eda Rama, enfocada en donaciones en especie.<\/p>\n","protected":false},"excerpt":{"rendered":"<p>La Universidad de las Artes de Yucat\u00e1n (UNAY) present\u00f3 oficialmente hoy la Fundaci\u00f3n para la UNAY, una iniciativa integrada por<\/p>\n","protected":false},"author":4,"featured_media":78557,"comment_status":"closed","ping_status":"closed","sticky":false,"template":"","format":"standard","meta":{"colormag_page_container_layout":"default_layout","colormag_page_sidebar_layout":"default_layout","_jetpack_memberships_contains_paid_content":false,"footnotes":"","jetpack_publicize_message":"","jetpack_publicize_feature_enabled":true,"jetpack_social_post_already_shared":true,"jetpack_social_options":{"image_generator_settings":{"template":"highway","default_image_id":0,"font":"","enabled":false},"version":2}},"categories":[30],"tags":[],"class_list":["post-78556","post","type-post","status-publish","format-standard","has-post-thumbnail","hentry","category-estados"],"jetpack_publicize_connections":[],"jetpack_featured_media_url":"https:\/\/i0.wp.com\/politicosaldesnudo.com.mx\/wp-content\/uploads\/2026\/01\/yu.jpg?fit=1200%2C800&ssl=1","jetpack-related-posts":[],"jetpack_sharing_enabled":true,"_links":{"self":[{"href":"https:\/\/politicosaldesnudo.com.mx\/index.php\/wp-json\/wp\/v2\/posts\/78556","targetHints":{"allow":["GET"]}}],"collection":[{"href":"https:\/\/politicosaldesnudo.com.mx\/index.php\/wp-json\/wp\/v2\/posts"}],"about":[{"href":"https:\/\/politicosaldesnudo.com.mx\/index.php\/wp-json\/wp\/v2\/types\/post"}],"author":[{"embeddable":true,"href":"https:\/\/politicosaldesnudo.com.mx\/index.php\/wp-json\/wp\/v2\/users\/4"}],"replies":[{"embeddable":true,"href":"https:\/\/politicosaldesnudo.com.mx\/index.php\/wp-json\/wp\/v2\/comments?post=78556"}],"version-history":[{"count":0,"href":"https:\/\/politicosaldesnudo.com.mx\/index.php\/wp-json\/wp\/v2\/posts\/78556\/revisions"}],"wp:featuredmedia":[{"embeddable":true,"href":"https:\/\/politicosaldesnudo.com.mx\/index.php\/wp-json\/wp\/v2\/media\/78557"}],"wp:attachment":[{"href":"https:\/\/politicosaldesnudo.com.mx\/index.php\/wp-json\/wp\/v2\/media?parent=78556"}],"wp:term":[{"taxonomy":"category","embeddable":true,"href":"https:\/\/politicosaldesnudo.com.mx\/index.php\/wp-json\/wp\/v2\/categories?post=78556"},{"taxonomy":"post_tag","embeddable":true,"href":"https:\/\/politicosaldesnudo.com.mx\/index.php\/wp-json\/wp\/v2\/tags?post=78556"}],"curies":[{"name":"wp","href":"https:\/\/api.w.org\/{rel}","templated":true}]}}