{"id":78559,"date":"2026-01-21T00:55:47","date_gmt":"2026-01-21T06:55:47","guid":{"rendered":"https:\/\/politicosaldesnudo.com.mx\/?p=78559"},"modified":"2026-01-21T00:55:47","modified_gmt":"2026-01-21T06:55:47","slug":"oposicion-al-tarifazo-en-jalisco-se-intensifica-mientras-pablo-lemus-viaja-a-espana","status":"publish","type":"post","link":"https:\/\/politicosaldesnudo.com.mx\/index.php\/2026\/01\/21\/oposicion-al-tarifazo-en-jalisco-se-intensifica-mientras-pablo-lemus-viaja-a-espana\/","title":{"rendered":"Oposici\u00f3n al tarifazo en Jalisco se intensifica mientras Pablo Lemus viaja a Espa\u00f1a"},"content":{"rendered":"<p class=\"nota-justify\">Recabaci\u00f3n de firmas para buscar un referendo y la revocaci\u00f3n de mandato, la presentaci\u00f3n de amparos contra el tarifazo y la programaci\u00f3n de nuevas marchas opositoras a ese incremento de 9.50 a 14 pesos al transporte p\u00fablico, se abren paso en Jalisco entre trabas legales y policiales mientras el gobernador Pablo Lemus, de gira en Espa\u00f1a desde el lunes, realiza su cuarto viaje internacional en poco m\u00e1s de un a\u00f1o que tiene en el cargo.<\/p>\n<p class=\"nota-justify\">Ciudadanos a t\u00edtulo individual comenzaron desde el 13 de enero a recaudar firmas de personas que se oponen al aumento de la tarifa, primer paso para iniciar el proceso de referendo, con tal \u00e9xito que este martes por la tarde sumaban poco m\u00e1s de 13 mil 900, el 412 por ciento m\u00e1s de lo necesario para activar el mecanismo de participaci\u00f3n popular.<\/p>\n<p class=\"nota-justify\">Sin embargo el Instituto Electoral y de Participaci\u00f3n Ciudadana (IEPCJ) aclar\u00f3 que hasta este martes, pese a la recaudaci\u00f3n masiva de firmas en su plataforma digital F\u00edrmale, los convocantes no le hab\u00edan presentado solicitud formal de referendo como marca la ley.<\/p>\n<p class=\"nota-justify\">\u201cEl uso de la plataforma F\u00edrmale no implica que se haya presentado ni activado una solicitud de refer\u00e9ndum u otro mecanismo de participaci\u00f3n ciudadana. El inicio formal del proceso para la activaci\u00f3n del mecanismo solo ocurre cuando las personas promoventes presentan ante el IEPCJ la solicitud correspondiente, acompa\u00f1ada de los requisitos que establece la ley, para su verificaci\u00f3n\u201d, inform\u00f3 la oficina de prensa del instituto.<\/p>\n<p class=\"nota-justify\">Detall\u00f3 que una vez verificado el cumplimiento de los requisitos por parte del IEPCJ, se remite la solicitud y expediente al Consejo de Participaci\u00f3n Ciudadana y Popular para la Gobernanza (CPCPG) para que se pronuncie sobre su procedencia y que \u201chasta que esto sucede, no existe una solicitud en tr\u00e1mite, aun cuando se est\u00e9n recabando firmas en la plataforma F\u00edrmale\u201d.<\/p>\n<p class=\"nota-justify\">Tampoco el IEPCJ ha recibido solicitud por parte del CPCPG para realizar referendo sobre el tarifazo, luego que diputados turnaron a esta \u00faltima instancia el acuerdo legislativo para que diera inicio a este proceso.<\/p>\n<p class=\"nota-justify\">Por lo anterior ninguna de las dos acciones que pretenden realizar referendo sobre el tarifazo tendr\u00eda efecto legal si no se presentan las solicitudes, tal como marca la ley, ante el IEPCJ en tiempo y forma.<\/p>\n<p class=\"nota-justify\">\u201cEl acuerdo que autoriza el incremento a la tarifa del transporte p\u00fablico fue publicado el 27 de diciembre de 2025. La Ley establece en su art\u00edculo 43 que las solicitudes de refer\u00e9ndum deben presentarse dentro de los 30 d\u00edas naturales posteriores a la publicaci\u00f3n del acto, por lo que el plazo vence el 26 de enero de 2026\u201d, inform\u00f3 el IEPCJ.<\/p>\n<p class=\"nota-justify\">De su parte, el diputado local independiente Alejandro Puerto inici\u00f3 un proceso tambi\u00e9n de recabaci\u00f3n de firmas para presentar amparos masivos contra el tarifazo y anunci\u00f3 que a partir de abril, tal como lo promueven legisladores del Partido del Trabajo, se buscar\u00e1 lograr que el gobernador Lemus sea sometido a un proceso de revocaci\u00f3n de mandato.<\/p>\n<p class=\"nota-justify\">Legisladoras de Futuro y Morena se han sumado a la obtenci\u00f3n de firmas ciudadanas contra el tarifazo, mientras el Congreso de Jalisco en sesi\u00f3n extraordinaria exhort\u00f3 la semana pasada, sin lograrlo, que el gobernante diera marcha atr\u00e1s a un aumento que \u00e9l mismo autoriz\u00f3 y que generar\u00e1 ganancias tanto a la financiera Broxel como a los empresarios camioneros, con multimillonarios fondos p\u00fablicos como \u201csubsidio\u201d y datos personales de millones de usuarios del transporte, lo cual forma tambi\u00e9n parte central de la inconformidad.<\/p>\n<p class=\"nota-justify\">Lejos de ese escenario, Lemus est\u00e1 en Espa\u00f1a con una amplia comitiva que incluye funcionarios estatales y municipales como la alcaldesa de Guadalajara, Ver\u00f3nica Delgadillo, en una gira que oficialmente es para promocionar Jalisco de cara a los cuatro partidos del Mundial de F\u00fatbol de los que ser\u00e1 sede la entidad en junio pr\u00f3ximo.<\/p>\n<p class=\"nota-justify\">Aunque el motivo se\u00f1alado de la gira es la participaci\u00f3n en la\u00a0 Feria Internacional de Turismo que inicia hasta este mi\u00e9rcoles, el grupo de funcionarios jaliscienses est\u00e1n desde el fin de semana en Europa. El lunes quisieron realizar una \u201cactivaci\u00f3n cultural\u201d con mariachi y danza folcl\u00f3rica en la Plaza del Callao, en Madrid, pero la polic\u00eda de la ciudad se los impidi\u00f3 porque no hab\u00edan tramitado el permiso necesario de la municipalidad.<\/p>\n<p class=\"nota-justify\">Otras actividades de Lemus hasta ahora son la entrega del \u201cDistintivo T\u201d a un restaurante madrile\u00f1o por su promoci\u00f3n del tequila, su participaci\u00f3n en un panel realizado por el banco Santander titulado \u201cF\u00fatbol y turismo: estrategia para recibir al mundo en 2026\u201d y en el foro del banco BBVA denominado \u201cTurismo e Inversi\u00f3n 2026\u201d.<\/p>\n<p class=\"nota-justify\">Se trata de la cuarta ocasi\u00f3n que Lemus sale del pa\u00eds en \u201cgiras de trabajo\u201d en su poco m\u00e1s de un a\u00f1o como gobernador y la segunda vez que su destino es Espa\u00f1a. Tambi\u00e9n ha viajado a Taiw\u00e1n y Jap\u00f3n una ocasi\u00f3n y la restante a Estados Unidos.<\/p>\n<p class=\"nota-justify\">Semanas atr\u00e1s estuvo en Espa\u00f1a otro emecista, el alcalde de Zapopan, Juan Jos\u00e9 Frangie, quien en su gira \u201cpromocional\u201d estuvo varios d\u00edas no s\u00f3lo acompa\u00f1ado de funcionarios sino de frailes franciscanos y con la efigie de la virgen de Zapopan, para que ofrecieran una misa en Madrid.<\/p>\n<p class=\"nota-justify\">En el pa\u00eds ib\u00e9rico reside el ex gobernador Enrique Alfaro, quien en su momento fue el impulsor y jefe indiscutido del partido MC en Jalisco y de su llegada al poder junto a un amplio grupo de ex panistas.<\/p>\n","protected":false},"excerpt":{"rendered":"<p>Recabaci\u00f3n de firmas para buscar un referendo y la revocaci\u00f3n de mandato, la presentaci\u00f3n de amparos contra el tarifazo y<\/p>\n","protected":false},"author":4,"featured_media":78560,"comment_status":"closed","ping_status":"closed","sticky":false,"template":"","format":"standard","meta":{"colormag_page_container_layout":"default_layout","colormag_page_sidebar_layout":"default_layout","_jetpack_memberships_contains_paid_content":false,"footnotes":"","jetpack_publicize_message":"","jetpack_publicize_feature_enabled":true,"jetpack_social_post_already_shared":true,"jetpack_social_options":{"image_generator_settings":{"template":"highway","default_image_id":0,"font":"","enabled":false},"version":2}},"categories":[30],"tags":[],"class_list":["post-78559","post","type-post","status-publish","format-standard","has-post-thumbnail","hentry","category-estados"],"jetpack_publicize_connections":[],"jetpack_featured_media_url":"https:\/\/i0.wp.com\/politicosaldesnudo.com.mx\/wp-content\/uploads\/2026\/01\/laja.jpg?fit=1200%2C800&ssl=1","jetpack-related-posts":[],"jetpack_sharing_enabled":true,"_links":{"self":[{"href":"https:\/\/politicosaldesnudo.com.mx\/index.php\/wp-json\/wp\/v2\/posts\/78559","targetHints":{"allow":["GET"]}}],"collection":[{"href":"https:\/\/politicosaldesnudo.com.mx\/index.php\/wp-json\/wp\/v2\/posts"}],"about":[{"href":"https:\/\/politicosaldesnudo.com.mx\/index.php\/wp-json\/wp\/v2\/types\/post"}],"author":[{"embeddable":true,"href":"https:\/\/politicosaldesnudo.com.mx\/index.php\/wp-json\/wp\/v2\/users\/4"}],"replies":[{"embeddable":true,"href":"https:\/\/politicosaldesnudo.com.mx\/index.php\/wp-json\/wp\/v2\/comments?post=78559"}],"version-history":[{"count":0,"href":"https:\/\/politicosaldesnudo.com.mx\/index.php\/wp-json\/wp\/v2\/posts\/78559\/revisions"}],"wp:featuredmedia":[{"embeddable":true,"href":"https:\/\/politicosaldesnudo.com.mx\/index.php\/wp-json\/wp\/v2\/media\/78560"}],"wp:attachment":[{"href":"https:\/\/politicosaldesnudo.com.mx\/index.php\/wp-json\/wp\/v2\/media?parent=78559"}],"wp:term":[{"taxonomy":"category","embeddable":true,"href":"https:\/\/politicosaldesnudo.com.mx\/index.php\/wp-json\/wp\/v2\/categories?post=78559"},{"taxonomy":"post_tag","embeddable":true,"href":"https:\/\/politicosaldesnudo.com.mx\/index.php\/wp-json\/wp\/v2\/tags?post=78559"}],"curies":[{"name":"wp","href":"https:\/\/api.w.org\/{rel}","templated":true}]}}