{"id":78568,"date":"2026-01-21T01:00:11","date_gmt":"2026-01-21T07:00:11","guid":{"rendered":"https:\/\/politicosaldesnudo.com.mx\/?p=78568"},"modified":"2026-01-21T01:00:11","modified_gmt":"2026-01-21T07:00:11","slug":"eu-alerta-sobre-denegacion-de-entrada-y-salida-forzosa-de-sus-ciudadanos-en-cuba","status":"publish","type":"post","link":"https:\/\/politicosaldesnudo.com.mx\/index.php\/2026\/01\/21\/eu-alerta-sobre-denegacion-de-entrada-y-salida-forzosa-de-sus-ciudadanos-en-cuba\/","title":{"rendered":"EU alerta sobre denegaci\u00f3n de entrada y salida forzosa de sus ciudadanos en Cuba"},"content":{"rendered":"<p class=\"nota-justify\">La embajada de Estados Unidos en Cuba afirm\u00f3 este martes que \u201cen las \u00faltimas semanas las autoridades cubanas han denegado la entrada a ciudadanos estadunidenses a su llegada a Cuba, y\/o les han ordenado que abandonen el pa\u00eds de inmediato bajo amenaza de detenci\u00f3n\u201d.<\/p>\n<p class=\"nota-justify\">La representaci\u00f3n diplom\u00e1tica inform\u00f3, en un mensaje publicado en X, que no puede dar soluci\u00f3n a ning\u00fan caso de entrada denegada o salida forzosa del pa\u00eds, sin embargo advirti\u00f3 a sus ciudadanos que se comuniquen con la embajada \u201csi usted es detenido o necesita asistencia\u201d.<\/p>\n<p class=\"nota-justify\">Asimismo recomend\u00f3 a los viajeros estadunidenses de tomar en cuenta toda la informaci\u00f3n relativa a los viajes a Cuba que se presenta en su sitio web. Advirti\u00f3 especialmente obtener una visa para entrar legalmente al pa\u00eds, y no intentar entrar \u201ccon cigarrillos electr\u00f3nicos o vaporizadores, drones, tel\u00e9fonos satelitales, GPS o dispositivos similares\u201d, ni viajar \u201ccon m\u00e1s de cinco mil d\u00f3lares estadounidenses o cinco mil pesos cubanos. Si debe llevar grandes cantidades de dinero en efectivo, aseg\u00farese de declararlo en la aduana\u201d, entre otros consejos.<\/p>\n","protected":false},"excerpt":{"rendered":"<p>La embajada de Estados Unidos en Cuba afirm\u00f3 este martes que \u201cen las \u00faltimas semanas las autoridades cubanas han denegado<\/p>\n","protected":false},"author":4,"featured_media":78569,"comment_status":"closed","ping_status":"closed","sticky":false,"template":"","format":"standard","meta":{"colormag_page_container_layout":"default_layout","colormag_page_sidebar_layout":"default_layout","_jetpack_memberships_contains_paid_content":false,"footnotes":"","jetpack_publicize_message":"","jetpack_publicize_feature_enabled":true,"jetpack_social_post_already_shared":true,"jetpack_social_options":{"image_generator_settings":{"template":"highway","default_image_id":0,"font":"","enabled":false},"version":2}},"categories":[28],"tags":[],"class_list":["post-78568","post","type-post","status-publish","format-standard","has-post-thumbnail","hentry","category-internacional"],"jetpack_publicize_connections":[],"jetpack_featured_media_url":"https:\/\/i0.wp.com\/politicosaldesnudo.com.mx\/wp-content\/uploads\/2026\/01\/cub.jpg?fit=1200%2C799&ssl=1","jetpack-related-posts":[],"jetpack_sharing_enabled":true,"_links":{"self":[{"href":"https:\/\/politicosaldesnudo.com.mx\/index.php\/wp-json\/wp\/v2\/posts\/78568","targetHints":{"allow":["GET"]}}],"collection":[{"href":"https:\/\/politicosaldesnudo.com.mx\/index.php\/wp-json\/wp\/v2\/posts"}],"about":[{"href":"https:\/\/politicosaldesnudo.com.mx\/index.php\/wp-json\/wp\/v2\/types\/post"}],"author":[{"embeddable":true,"href":"https:\/\/politicosaldesnudo.com.mx\/index.php\/wp-json\/wp\/v2\/users\/4"}],"replies":[{"embeddable":true,"href":"https:\/\/politicosaldesnudo.com.mx\/index.php\/wp-json\/wp\/v2\/comments?post=78568"}],"version-history":[{"count":0,"href":"https:\/\/politicosaldesnudo.com.mx\/index.php\/wp-json\/wp\/v2\/posts\/78568\/revisions"}],"wp:featuredmedia":[{"embeddable":true,"href":"https:\/\/politicosaldesnudo.com.mx\/index.php\/wp-json\/wp\/v2\/media\/78569"}],"wp:attachment":[{"href":"https:\/\/politicosaldesnudo.com.mx\/index.php\/wp-json\/wp\/v2\/media?parent=78568"}],"wp:term":[{"taxonomy":"category","embeddable":true,"href":"https:\/\/politicosaldesnudo.com.mx\/index.php\/wp-json\/wp\/v2\/categories?post=78568"},{"taxonomy":"post_tag","embeddable":true,"href":"https:\/\/politicosaldesnudo.com.mx\/index.php\/wp-json\/wp\/v2\/tags?post=78568"}],"curies":[{"name":"wp","href":"https:\/\/api.w.org\/{rel}","templated":true}]}}