{"id":78577,"date":"2026-01-22T00:01:45","date_gmt":"2026-01-22T06:01:45","guid":{"rendered":"https:\/\/politicosaldesnudo.com.mx\/?p=78577"},"modified":"2026-01-21T21:41:43","modified_gmt":"2026-01-22T03:41:43","slug":"estudiantes-recorren-palacio-municipal","status":"publish","type":"post","link":"https:\/\/politicosaldesnudo.com.mx\/index.php\/2026\/01\/22\/estudiantes-recorren-palacio-municipal\/","title":{"rendered":"Estudiantes recorren palacio municipal"},"content":{"rendered":"<p>Alumnas y alumnos del quinto grado de la Escuela Primaria Jos\u00e9 Mar\u00eda Morelos y Pav\u00f3n, ubicada en la colonia Miguel Alem\u00e1n Valdez, realizaron una visita guiada al Palacio Municipal, donde recorrieron diversas \u00e1reas para conocer de cerca los procesos que se realizan dentro de la administraci\u00f3n p\u00fablica local.<\/p>\n<p>Durante la jornada, las y los estudiantes ingresaron a espacios como el \u00e1rea de Regidur\u00edas, la Sala de Cabildo Ing. Julio Deschamps P\u00e9rez y las oficinas del Registro Civil.<\/p>\n<p>En cada punto, pudieron observar el funcionamiento de las dependencias y familiarizarse con su estructura y din\u00e1mica.<\/p>\n<p>La actividad tuvo como finalidad acercar a las y los menores al \u00e1mbito gubernamental municipal, promoviendo el inter\u00e9s por la organizaci\u00f3n interna del Ayuntamiento y el papel que desempe\u00f1an sus distintas \u00e1reas. A trav\u00e9s de esta experiencia, las y los alumnos obtuvieron informaci\u00f3n que contribuye a fortalecer conocimientos sobre participaci\u00f3n c\u00edvica y funcionamiento institucional.<\/p>\n<p>Este tipo de recorridos permite que ni\u00f1as y ni\u00f1os comprendan la importancia de las instituciones p\u00fablicas y el impacto que tienen en la vida cotidiana de la ciudadan\u00eda, generando adem\u00e1s un acercamiento formativo a temas de gobierno y gesti\u00f3n municipal.<\/p>\n","protected":false},"excerpt":{"rendered":"<p>Alumnas y alumnos del quinto grado de la Escuela Primaria Jos\u00e9 Mar\u00eda Morelos y Pav\u00f3n, ubicada en la colonia Miguel<\/p>\n","protected":false},"author":4,"featured_media":78578,"comment_status":"closed","ping_status":"closed","sticky":false,"template":"","format":"standard","meta":{"colormag_page_container_layout":"default_layout","colormag_page_sidebar_layout":"default_layout","_jetpack_memberships_contains_paid_content":false,"footnotes":"","jetpack_publicize_message":"","jetpack_publicize_feature_enabled":true,"jetpack_social_post_already_shared":true,"jetpack_social_options":{"image_generator_settings":{"template":"highway","default_image_id":0,"font":"","enabled":false},"version":2}},"categories":[1082],"tags":[],"class_list":["post-78577","post","type-post","status-publish","format-standard","has-post-thumbnail","hentry","category-tuxpan"],"jetpack_publicize_connections":[],"jetpack_featured_media_url":"https:\/\/i0.wp.com\/politicosaldesnudo.com.mx\/wp-content\/uploads\/2026\/01\/AYTO.jpg?fit=1200%2C675&ssl=1","jetpack-related-posts":[],"jetpack_sharing_enabled":true,"_links":{"self":[{"href":"https:\/\/politicosaldesnudo.com.mx\/index.php\/wp-json\/wp\/v2\/posts\/78577","targetHints":{"allow":["GET"]}}],"collection":[{"href":"https:\/\/politicosaldesnudo.com.mx\/index.php\/wp-json\/wp\/v2\/posts"}],"about":[{"href":"https:\/\/politicosaldesnudo.com.mx\/index.php\/wp-json\/wp\/v2\/types\/post"}],"author":[{"embeddable":true,"href":"https:\/\/politicosaldesnudo.com.mx\/index.php\/wp-json\/wp\/v2\/users\/4"}],"replies":[{"embeddable":true,"href":"https:\/\/politicosaldesnudo.com.mx\/index.php\/wp-json\/wp\/v2\/comments?post=78577"}],"version-history":[{"count":0,"href":"https:\/\/politicosaldesnudo.com.mx\/index.php\/wp-json\/wp\/v2\/posts\/78577\/revisions"}],"wp:featuredmedia":[{"embeddable":true,"href":"https:\/\/politicosaldesnudo.com.mx\/index.php\/wp-json\/wp\/v2\/media\/78578"}],"wp:attachment":[{"href":"https:\/\/politicosaldesnudo.com.mx\/index.php\/wp-json\/wp\/v2\/media?parent=78577"}],"wp:term":[{"taxonomy":"category","embeddable":true,"href":"https:\/\/politicosaldesnudo.com.mx\/index.php\/wp-json\/wp\/v2\/categories?post=78577"},{"taxonomy":"post_tag","embeddable":true,"href":"https:\/\/politicosaldesnudo.com.mx\/index.php\/wp-json\/wp\/v2\/tags?post=78577"}],"curies":[{"name":"wp","href":"https:\/\/api.w.org\/{rel}","templated":true}]}}