{"id":78583,"date":"2026-01-22T00:03:35","date_gmt":"2026-01-22T06:03:35","guid":{"rendered":"https:\/\/politicosaldesnudo.com.mx\/?p=78583"},"modified":"2026-01-21T21:44:59","modified_gmt":"2026-01-22T03:44:59","slug":"progresa-construccion-del-nuevo-mercado","status":"publish","type":"post","link":"https:\/\/politicosaldesnudo.com.mx\/index.php\/2026\/01\/22\/progresa-construccion-del-nuevo-mercado\/","title":{"rendered":"Progresa construcci\u00f3n del nuevo mercado"},"content":{"rendered":"<p>Con el prop\u00f3sito de ordenar el comercio informal y mejorar la imagen urbana del municipio, la construcci\u00f3n del nuevo mercado ambulante ubicado en la calle Clavijero contin\u00faa avanzando de manera favorable desde que inici\u00f3 el pasado 5 de enero, mostrando ya una estructura m\u00e1s definida y una mayor organizaci\u00f3n en el \u00e1rea destinada para comerciantes.<\/p>\n<p>Este espacio ser\u00e1 destinado a la reubicaci\u00f3n de comerciantes ambulantes, permitiendo que desarrollen sus actividades en condiciones m\u00e1s dignas, seguras y funcionales. Con ello, se busca fortalecer la econom\u00eda local, brindar estabilidad para las familias dedicadas al comercio y ofrecer un entorno con mejores caracter\u00edsticas para vendedores y consumidores.<\/p>\n<p>Adem\u00e1s de representar un beneficio directo para quienes dependen del comercio informal, este proyecto tambi\u00e9n tendr\u00e1 un impacto positivo en la zona centro del municipio, al contribuir al orden urbano, mejorar la movilidad vehicular y peatonal y reforzar la imagen tur\u00edstica de Tuxpan.<\/p>\n<p>La obra se ejecuta por instrucciones del alcalde Daniel Cortina Mart\u00ednez y est\u00e1 a cargo de la Direcci\u00f3n de Obras P\u00fablicas, encabezada por su director Jorge Omar Est\u00e9vez Casta\u00f1eda, con el respaldo del subdirector Andr\u00e9s Cobos Qui\u00f1ones, quienes llevan a cabo los trabajos de manera coordinada para garantizar que el mercado cumpla con las necesidades operativas y funcionales que demanda la ciudad.<\/p>\n<p>Con este proyecto, el gobierno municipal avanza hacia un modelo de comercio m\u00e1s organizado, accesible y seguro, que beneficiar\u00e1 tanto a la poblaci\u00f3n como al desarrollo urbano del municipio.<\/p>\n","protected":false},"excerpt":{"rendered":"<p>Con el prop\u00f3sito de ordenar el comercio informal y mejorar la imagen urbana del municipio, la construcci\u00f3n del nuevo mercado<\/p>\n","protected":false},"author":4,"featured_media":78584,"comment_status":"closed","ping_status":"closed","sticky":false,"template":"","format":"standard","meta":{"colormag_page_container_layout":"default_layout","colormag_page_sidebar_layout":"default_layout","_jetpack_memberships_contains_paid_content":false,"footnotes":"","jetpack_publicize_message":"","jetpack_publicize_feature_enabled":true,"jetpack_social_post_already_shared":true,"jetpack_social_options":{"image_generator_settings":{"template":"highway","default_image_id":0,"font":"","enabled":false},"version":2}},"categories":[1082],"tags":[],"class_list":["post-78583","post","type-post","status-publish","format-standard","has-post-thumbnail","hentry","category-tuxpan"],"jetpack_publicize_connections":[],"jetpack_featured_media_url":"https:\/\/i0.wp.com\/politicosaldesnudo.com.mx\/wp-content\/uploads\/2026\/01\/TALL-1.jpg?fit=1200%2C900&ssl=1","jetpack-related-posts":[],"jetpack_sharing_enabled":true,"_links":{"self":[{"href":"https:\/\/politicosaldesnudo.com.mx\/index.php\/wp-json\/wp\/v2\/posts\/78583","targetHints":{"allow":["GET"]}}],"collection":[{"href":"https:\/\/politicosaldesnudo.com.mx\/index.php\/wp-json\/wp\/v2\/posts"}],"about":[{"href":"https:\/\/politicosaldesnudo.com.mx\/index.php\/wp-json\/wp\/v2\/types\/post"}],"author":[{"embeddable":true,"href":"https:\/\/politicosaldesnudo.com.mx\/index.php\/wp-json\/wp\/v2\/users\/4"}],"replies":[{"embeddable":true,"href":"https:\/\/politicosaldesnudo.com.mx\/index.php\/wp-json\/wp\/v2\/comments?post=78583"}],"version-history":[{"count":0,"href":"https:\/\/politicosaldesnudo.com.mx\/index.php\/wp-json\/wp\/v2\/posts\/78583\/revisions"}],"wp:featuredmedia":[{"embeddable":true,"href":"https:\/\/politicosaldesnudo.com.mx\/index.php\/wp-json\/wp\/v2\/media\/78584"}],"wp:attachment":[{"href":"https:\/\/politicosaldesnudo.com.mx\/index.php\/wp-json\/wp\/v2\/media?parent=78583"}],"wp:term":[{"taxonomy":"category","embeddable":true,"href":"https:\/\/politicosaldesnudo.com.mx\/index.php\/wp-json\/wp\/v2\/categories?post=78583"},{"taxonomy":"post_tag","embeddable":true,"href":"https:\/\/politicosaldesnudo.com.mx\/index.php\/wp-json\/wp\/v2\/tags?post=78583"}],"curies":[{"name":"wp","href":"https:\/\/api.w.org\/{rel}","templated":true}]}}