{"id":78586,"date":"2026-01-22T00:04:20","date_gmt":"2026-01-22T06:04:20","guid":{"rendered":"https:\/\/politicosaldesnudo.com.mx\/?p=78586"},"modified":"2026-01-21T21:46:16","modified_gmt":"2026-01-22T03:46:16","slug":"tuxpan-avanza-con-acuerdos-incluyentes","status":"publish","type":"post","link":"https:\/\/politicosaldesnudo.com.mx\/index.php\/2026\/01\/22\/tuxpan-avanza-con-acuerdos-incluyentes\/","title":{"rendered":"Tuxpan avanza con acuerdos incluyentes"},"content":{"rendered":"<p>El Gobierno Municipal de Tuxpan, encabezado por el alcalde Daniel Cortina Mart\u00ednez, llev\u00f3 a cabo este martes una sesi\u00f3n ordinaria y dos sesiones extraordinarias de Cabildo, como parte del compromiso de esta administraci\u00f3n con la transparencia, la rendici\u00f3n de cuentas y el trabajo abierto hacia las y los tuxpe\u00f1os.<\/p>\n<p>En este marco, el alcalde destac\u00f3 que compartir el trabajo y las decisiones que se toman en Cabildo es fundamental para que la ciudadan\u00eda conozca c\u00f3mo se gobierna su ciudad y participe de manera informada en la vida p\u00fablica del municipio.<\/p>\n<p>Durante las sesiones se aprobaron los siguientes acuerdos: la creaci\u00f3n de la comisi\u00f3n encargada de otorgar atenci\u00f3n a los asuntos de las comunidades, pueblos ind\u00edgenas, originarios y pluriculturales en el municipio de Tuxpan, Veracruz de Ignacio de la Llave, la cual estar\u00e1 a cargo de la regidora s\u00e9ptima, Sara Hern\u00e1ndez P\u00e9rez, de origen ind\u00edgena, reafirmando el compromiso con la inclusi\u00f3n y el reconocimiento de la diversidad cultural.<\/p>\n<p>Asimismo, se aprob\u00f3 el Reglamento Interno del Consejo de Planeaci\u00f3n para el Desarrollo Municipal (COPLADEMUN).<\/p>\n<p>Finalmente, se aprob\u00f3 la convocatoria para la elecci\u00f3n de agentes y subagentes municipales, quienes fungir\u00e1n durante el periodo del 1 de mayo de 2026 al 30 de abril de 2030, en el municipio de Tuxpan, Veracruz de Ignacio de la Llave.<\/p>\n<p>Con estas acciones, el Gobierno Municipal refrenda su compromiso de gobernar con transparencia, responsabilidad y cercan\u00eda, impulsando decisiones que fortalezcan la organizaci\u00f3n comunitaria y el desarrollo de Tuxpan.<\/p>\n","protected":false},"excerpt":{"rendered":"<p>El Gobierno Municipal de Tuxpan, encabezado por el alcalde Daniel Cortina Mart\u00ednez, llev\u00f3 a cabo este martes una sesi\u00f3n ordinaria<\/p>\n","protected":false},"author":4,"featured_media":78587,"comment_status":"closed","ping_status":"closed","sticky":false,"template":"","format":"standard","meta":{"colormag_page_container_layout":"default_layout","colormag_page_sidebar_layout":"default_layout","_jetpack_memberships_contains_paid_content":false,"footnotes":"","jetpack_publicize_message":"","jetpack_publicize_feature_enabled":true,"jetpack_social_post_already_shared":true,"jetpack_social_options":{"image_generator_settings":{"template":"highway","default_image_id":0,"font":"","enabled":false},"version":2}},"categories":[1],"tags":[],"class_list":["post-78586","post","type-post","status-publish","format-standard","has-post-thumbnail","hentry","category-sin-categoria"],"jetpack_publicize_connections":[],"jetpack_featured_media_url":"https:\/\/i0.wp.com\/politicosaldesnudo.com.mx\/wp-content\/uploads\/2026\/01\/INCLU.jpg?fit=1200%2C800&ssl=1","jetpack-related-posts":[],"jetpack_sharing_enabled":true,"_links":{"self":[{"href":"https:\/\/politicosaldesnudo.com.mx\/index.php\/wp-json\/wp\/v2\/posts\/78586","targetHints":{"allow":["GET"]}}],"collection":[{"href":"https:\/\/politicosaldesnudo.com.mx\/index.php\/wp-json\/wp\/v2\/posts"}],"about":[{"href":"https:\/\/politicosaldesnudo.com.mx\/index.php\/wp-json\/wp\/v2\/types\/post"}],"author":[{"embeddable":true,"href":"https:\/\/politicosaldesnudo.com.mx\/index.php\/wp-json\/wp\/v2\/users\/4"}],"replies":[{"embeddable":true,"href":"https:\/\/politicosaldesnudo.com.mx\/index.php\/wp-json\/wp\/v2\/comments?post=78586"}],"version-history":[{"count":0,"href":"https:\/\/politicosaldesnudo.com.mx\/index.php\/wp-json\/wp\/v2\/posts\/78586\/revisions"}],"wp:featuredmedia":[{"embeddable":true,"href":"https:\/\/politicosaldesnudo.com.mx\/index.php\/wp-json\/wp\/v2\/media\/78587"}],"wp:attachment":[{"href":"https:\/\/politicosaldesnudo.com.mx\/index.php\/wp-json\/wp\/v2\/media?parent=78586"}],"wp:term":[{"taxonomy":"category","embeddable":true,"href":"https:\/\/politicosaldesnudo.com.mx\/index.php\/wp-json\/wp\/v2\/categories?post=78586"},{"taxonomy":"post_tag","embeddable":true,"href":"https:\/\/politicosaldesnudo.com.mx\/index.php\/wp-json\/wp\/v2\/tags?post=78586"}],"curies":[{"name":"wp","href":"https:\/\/api.w.org\/{rel}","templated":true}]}}