{"id":78589,"date":"2026-01-22T00:05:00","date_gmt":"2026-01-22T06:05:00","guid":{"rendered":"https:\/\/politicosaldesnudo.com.mx\/?p=78589"},"modified":"2026-01-21T22:16:24","modified_gmt":"2026-01-22T04:16:24","slug":"detectan-gotera-en-salon-de-plenos-de-la-camara-de-diputados","status":"publish","type":"post","link":"https:\/\/politicosaldesnudo.com.mx\/index.php\/2026\/01\/22\/detectan-gotera-en-salon-de-plenos-de-la-camara-de-diputados\/","title":{"rendered":"Detectan gotera en sal\u00f3n de plenos de la C\u00e1mara de Diputados"},"content":{"rendered":"<p class=\"nota-justify\">Al t\u00e9rmino de la sesi\u00f3n de este mi\u00e9rcoles de la Comisi\u00f3n Permanente se detect\u00f3 una gotera en el sal\u00f3n de plenos de la C\u00e1mara de Diputados, lo que oblig\u00f3 a retirar al menos ocho equipos electr\u00f3nicos para la votaci\u00f3n y el pase de lista de los legisladores.<\/p>\n<p class=\"nota-justify\">Para evitar da\u00f1os en las instalaciones, se coloc\u00f3 una cubeta en una de las curules donde se ubica la fracci\u00f3n parlamentaria del Partido del Trabajo, a la espera de que se solucione el problema. Por la tarde, la Direcci\u00f3n de Servicios Generales de San L\u00e1zaro inform\u00f3 que se detect\u00f3 una filtraci\u00f3n menor de agua en la azotea del recinto derivada de un empalme defectuoso en los trabajos recientes de impermeabilizaci\u00f3n.<\/p>\n<p class=\"nota-justify\">En un comunicado, inform\u00f3 que la empresa responsable de la impermeabilizaci\u00f3n ya fue notificada y se encuentra en camino para realizar la reparaci\u00f3n correspondiente, a fin de corregir el desperfecto y garantizar la correcta protecci\u00f3n de la infraestructura.<\/p>\n<p class=\"nota-justify\">La C\u00e1mara de Diputados destac\u00f3 que la situaci\u00f3n se encuentra bajo control, no representa riesgo para el personal ni para las actividades legislativas, y refrend\u00f3 su compromiso con el mantenimiento oportuno y adecuado de las instalaciones.<\/p>\n<p class=\"nota-justify\">En los \u00faltimos meses, las lluvias han causado diversos da\u00f1os materiales en San L\u00e1zaro. Como se inform\u00f3 en este diario, en agosto del a\u00f1o pasado, las precipitaciones generaron un socav\u00f3n de casi dos metros de largo y seis de profundidad, en el patio del basamento de la C\u00e1mara de Diputados, entre los edificios A y H. Personal de resguardo y Protecci\u00f3n Civil acordon\u00f3 el \u00e1rea.<\/p>\n<p class=\"nota-justify\">Tambi\u00e9n, el agua se filtr\u00f3 hasta las oficinas de la coordinaci\u00f3n de comunicaci\u00f3n, moj\u00f3 mobiliario y provoc\u00f3 un cortocircuito en un multicontacto instalado en una cocineta, lo que no caus\u00f3 mayores da\u00f1os.<\/p>\n<p class=\"nota-justify\">Adem\u00e1s del socav\u00f3n en el mencionado patio, las fuertes lluvias del a\u00f1o pasado afectaron oficinas de legisladores y dejaron al descubierto instalaciones el\u00e9ctricas subterr\u00e1neas.<\/p>\n<p class=\"nota-justify\">En su momento se inform\u00f3 que se trataba de fallas que tuvieron que ser reparadas, aunque no exist\u00edan fondos etiquetados para ello, lo cual oblig\u00f3 a recortar algunos gastos para atender las afectaciones, seg\u00fan el grupo parlamentario de Morena en San L\u00e1zaro.<\/p>\n","protected":false},"excerpt":{"rendered":"<p>Al t\u00e9rmino de la sesi\u00f3n de este mi\u00e9rcoles de la Comisi\u00f3n Permanente se detect\u00f3 una gotera en el sal\u00f3n de<\/p>\n","protected":false},"author":4,"featured_media":78590,"comment_status":"closed","ping_status":"closed","sticky":false,"template":"","format":"standard","meta":{"colormag_page_container_layout":"default_layout","colormag_page_sidebar_layout":"default_layout","_jetpack_memberships_contains_paid_content":false,"footnotes":"","jetpack_publicize_message":"","jetpack_publicize_feature_enabled":true,"jetpack_social_post_already_shared":true,"jetpack_social_options":{"image_generator_settings":{"template":"highway","default_image_id":0,"font":"","enabled":false},"version":2}},"categories":[33],"tags":[],"class_list":["post-78589","post","type-post","status-publish","format-standard","has-post-thumbnail","hentry","category-nacional"],"jetpack_publicize_connections":[],"jetpack_featured_media_url":"https:\/\/i0.wp.com\/politicosaldesnudo.com.mx\/wp-content\/uploads\/2026\/01\/LAGO.jpg?fit=1200%2C900&ssl=1","jetpack-related-posts":[],"jetpack_sharing_enabled":true,"_links":{"self":[{"href":"https:\/\/politicosaldesnudo.com.mx\/index.php\/wp-json\/wp\/v2\/posts\/78589","targetHints":{"allow":["GET"]}}],"collection":[{"href":"https:\/\/politicosaldesnudo.com.mx\/index.php\/wp-json\/wp\/v2\/posts"}],"about":[{"href":"https:\/\/politicosaldesnudo.com.mx\/index.php\/wp-json\/wp\/v2\/types\/post"}],"author":[{"embeddable":true,"href":"https:\/\/politicosaldesnudo.com.mx\/index.php\/wp-json\/wp\/v2\/users\/4"}],"replies":[{"embeddable":true,"href":"https:\/\/politicosaldesnudo.com.mx\/index.php\/wp-json\/wp\/v2\/comments?post=78589"}],"version-history":[{"count":0,"href":"https:\/\/politicosaldesnudo.com.mx\/index.php\/wp-json\/wp\/v2\/posts\/78589\/revisions"}],"wp:featuredmedia":[{"embeddable":true,"href":"https:\/\/politicosaldesnudo.com.mx\/index.php\/wp-json\/wp\/v2\/media\/78590"}],"wp:attachment":[{"href":"https:\/\/politicosaldesnudo.com.mx\/index.php\/wp-json\/wp\/v2\/media?parent=78589"}],"wp:term":[{"taxonomy":"category","embeddable":true,"href":"https:\/\/politicosaldesnudo.com.mx\/index.php\/wp-json\/wp\/v2\/categories?post=78589"},{"taxonomy":"post_tag","embeddable":true,"href":"https:\/\/politicosaldesnudo.com.mx\/index.php\/wp-json\/wp\/v2\/tags?post=78589"}],"curies":[{"name":"wp","href":"https:\/\/api.w.org\/{rel}","templated":true}]}}