{"id":78595,"date":"2026-01-22T00:07:12","date_gmt":"2026-01-22T06:07:12","guid":{"rendered":"https:\/\/politicosaldesnudo.com.mx\/?p=78595"},"modified":"2026-01-21T22:20:47","modified_gmt":"2026-01-22T04:20:47","slug":"citan-a-gertz-manero-para-comparecer-ante-comision-de-la-permanente","status":"publish","type":"post","link":"https:\/\/politicosaldesnudo.com.mx\/index.php\/2026\/01\/22\/citan-a-gertz-manero-para-comparecer-ante-comision-de-la-permanente\/","title":{"rendered":"Citan a Gertz Manero para comparecer ante Comisi\u00f3n de la Permanente"},"content":{"rendered":"<p class=\"nota-justify\">La Comisi\u00f3n de Asuntos Pol\u00edticos e Internacionales de la Comisi\u00f3n Permanente cit\u00f3 a comparecer ma\u00f1ana jueves al ex fiscal Alejandro Gertz Manero, de cara a la posible ratificaci\u00f3n de su nombramiento como embajador de M\u00e9xico en Gran Breta\u00f1a, indic\u00f3 la senadora morenista Ver\u00f3nica Camino Farjat.<\/p>\n<p class=\"nota-justify\">Este mi\u00e9rcoles, como ya se hab\u00eda indicado ayer, la Permanente le dio entrada al documento enviado por la presidenta Claudia Sheinbaum mediante el cual notifica de la designaci\u00f3n de Gertz a dicha representaci\u00f3n diplom\u00e1tica, y se turn\u00f3 a la Primera Comisi\u00f3n para su an\u00e1lisis.<\/p>\n<p class=\"nota-justify\">Al respecto, Camino explic\u00f3 en entrevista colectiva que todos los integrantes de ese \u00f3rgano legislativo ser\u00e1n citados ma\u00f1ana para asistir a la comparecencia del ex fiscal general de la Rep\u00fablica, la cual dar\u00e1 inicio a las 11:30 de la ma\u00f1ana.<\/p>\n<p class=\"nota-justify\">De acuerdo con la senadora, la sesi\u00f3n dar\u00eda inicio con un mensaje de Gertz, para despu\u00e9s dar paso a las intervenciones y preguntas de cada grupo parlamentario sobre su posible ratificaci\u00f3n, y posteriormente, en el cierre del encuentro, nuevamente se escuchar\u00e1 a quien ser\u00eda el pr\u00f3ximo embajador ante Gran Breta\u00f1a.<\/p>\n<p class=\"nota-justify\">\u201cYa una vez que concluyamos, si es de aprobarse &#8211;que estamos seguros que s\u00ed&#8211;, posteriormente ya le pasaremos el dictamen a la Mesa Directiva para que \u00e9ste sea procesado en la siguiente sesi\u00f3n\u201d, a realizarse el lunes 26, a\u00f1adi\u00f3.<\/p>\n<p class=\"nota-justify\">&#8211; Se despeja cualquier intento de\u00a0<i>fast track<\/i>\u00a0que se ven\u00eda diciendo, \u00bfno? \u2013 se le pregunt\u00f3.<\/p>\n<p class=\"nota-justify\">&#8211; \u201cAl contrario. Nosotros fuimos muy claros al momento de decir que har\u00edamos un proceso ordenado, y esos fueron los acuerdos que tomamos con cada uno de los grupos\u201d, dijo la legisladora.<\/p>\n<p class=\"nota-justify\">Por separado, la presidenta de la Mesa Directiva de la C\u00e1mara de Diputados, Kenia L\u00f3pez Rabad\u00e1n (PAN), confirm\u00f3 que si ma\u00f1ana la primera comisi\u00f3n de la Permanente ya tiene un dictamen listo sobre la ratificaci\u00f3n de Gertz, \u00e9ste se votar\u00e1 en la sesi\u00f3n del lunes pr\u00f3ximo.<\/p>\n<p class=\"nota-justify\">\u201cDe no ser as\u00ed, por supuesto, tendr\u00eda que ir al Senado, pero todav\u00eda hay plazos perentorios. Hay voces que ya han dicho que hay condiciones para que ese acuerdo se construya o se delinee; es algo que le toca a la Comisi\u00f3n, no le toca al Pleno, sino el dictamen corresponde a la Primera Comisi\u00f3n\u201d, indic\u00f3.<\/p>\n","protected":false},"excerpt":{"rendered":"<p>La Comisi\u00f3n de Asuntos Pol\u00edticos e Internacionales de la Comisi\u00f3n Permanente cit\u00f3 a comparecer ma\u00f1ana jueves al ex fiscal Alejandro<\/p>\n","protected":false},"author":4,"featured_media":78596,"comment_status":"closed","ping_status":"closed","sticky":false,"template":"","format":"standard","meta":{"colormag_page_container_layout":"default_layout","colormag_page_sidebar_layout":"default_layout","_jetpack_memberships_contains_paid_content":false,"footnotes":"","jetpack_publicize_message":"","jetpack_publicize_feature_enabled":true,"jetpack_social_post_already_shared":true,"jetpack_social_options":{"image_generator_settings":{"template":"highway","default_image_id":0,"font":"","enabled":false},"version":2}},"categories":[33],"tags":[],"class_list":["post-78595","post","type-post","status-publish","format-standard","has-post-thumbnail","hentry","category-nacional"],"jetpack_publicize_connections":[],"jetpack_featured_media_url":"https:\/\/i0.wp.com\/politicosaldesnudo.com.mx\/wp-content\/uploads\/2026\/01\/ALDEL.jpg?fit=1200%2C800&ssl=1","jetpack-related-posts":[],"jetpack_sharing_enabled":true,"_links":{"self":[{"href":"https:\/\/politicosaldesnudo.com.mx\/index.php\/wp-json\/wp\/v2\/posts\/78595","targetHints":{"allow":["GET"]}}],"collection":[{"href":"https:\/\/politicosaldesnudo.com.mx\/index.php\/wp-json\/wp\/v2\/posts"}],"about":[{"href":"https:\/\/politicosaldesnudo.com.mx\/index.php\/wp-json\/wp\/v2\/types\/post"}],"author":[{"embeddable":true,"href":"https:\/\/politicosaldesnudo.com.mx\/index.php\/wp-json\/wp\/v2\/users\/4"}],"replies":[{"embeddable":true,"href":"https:\/\/politicosaldesnudo.com.mx\/index.php\/wp-json\/wp\/v2\/comments?post=78595"}],"version-history":[{"count":0,"href":"https:\/\/politicosaldesnudo.com.mx\/index.php\/wp-json\/wp\/v2\/posts\/78595\/revisions"}],"wp:featuredmedia":[{"embeddable":true,"href":"https:\/\/politicosaldesnudo.com.mx\/index.php\/wp-json\/wp\/v2\/media\/78596"}],"wp:attachment":[{"href":"https:\/\/politicosaldesnudo.com.mx\/index.php\/wp-json\/wp\/v2\/media?parent=78595"}],"wp:term":[{"taxonomy":"category","embeddable":true,"href":"https:\/\/politicosaldesnudo.com.mx\/index.php\/wp-json\/wp\/v2\/categories?post=78595"},{"taxonomy":"post_tag","embeddable":true,"href":"https:\/\/politicosaldesnudo.com.mx\/index.php\/wp-json\/wp\/v2\/tags?post=78595"}],"curies":[{"name":"wp","href":"https:\/\/api.w.org\/{rel}","templated":true}]}}