{"id":7861,"date":"2022-07-16T07:10:33","date_gmt":"2022-07-16T12:10:33","guid":{"rendered":"https:\/\/politicosaldesnudo.com.mx\/?p=7861"},"modified":"2022-07-16T07:10:33","modified_gmt":"2022-07-16T12:10:33","slug":"un-pais-sobrediagnosticado","status":"publish","type":"post","link":"https:\/\/politicosaldesnudo.com.mx\/index.php\/2022\/07\/16\/un-pais-sobrediagnosticado\/","title":{"rendered":"Un pa\u00eds sobrediagnosticado"},"content":{"rendered":"<p>&nbsp;<\/p>\n<p><span style=\"font-size: 18pt;\"><b>Por Ricardo Homs<\/b><\/span><\/p>\n<p class=\"p1\"><span style=\"font-size: 14pt;\">Cada vez me es m\u00e1s dif\u00edcil dar un nuevo enfoque a la situaci\u00f3n ca\u00f3tica y surrealista que vive\u00a0M\u00e9xico.\u00a0\u00bfQu\u00e9 se puede decir, que alg\u00fan colega no haya desarrollado ya en alg\u00fan art\u00edculo dado a conocer en alg\u00fan medio de comunicaci\u00f3n?\u2026 Y\u2026 \u00bfqu\u00e9 podemos decir respecto a todos los foros de an\u00e1lisis a los que convocan importantes instituciones acad\u00e9micas y de la sociedad civil, e incluso la televisi\u00f3n y la radio? En estos foros se han generado grandes aportaciones que quedan en el limbo&#8230; Y \u00bfde los chats de amigos?\u2026 ya ni hablar.<\/span><\/p>\n<p class=\"p1\"><span style=\"font-size: 14pt;\">Pocos temas no han sido analizados. Lo relativo a la realidad del pa\u00eds, -as\u00ed como a los errores y vicios de este gobierno-, a las incongruencias de las directrices pol\u00edticas del presidente, los abusos en la aplicaci\u00f3n de la justicia, los abusos de poder de la\u00a0FGR\u00a0y otros tantos temas que se han vuelto cotidianos en la agenda p\u00fablica.<\/span><br \/>\n<span style=\"font-size: 14pt;\">La situaci\u00f3n del pa\u00eds est\u00e1 sobre diagnosticada, -pero a\u00fan as\u00ed-, en este mundo \u201cbizarro\u201d donde a\u00fan tenemos \u201cestado de derecho\u201d, quienes nos gobiernan se pitorrean de las leyes con total descaro e impunidad, sin que suceda nada.<\/span><\/p>\n<p class=\"p1\"><span style=\"font-size: 14pt;\">En cualquier pa\u00eds de la importancia del nuestro, -por faltas \u00e9ticas de menor calibre y significaci\u00f3n-, los funcionarios p\u00fablicos renuncian avergonzados por haber sido descubiertos. En muchos pa\u00edses la sociedad destituye a funcionarios del m\u00e1s alto nivel simplemente por mentir a la ciudadan\u00eda. Incluso son despedidos bajo la presi\u00f3n de la opini\u00f3n p\u00fablica por no haber previsto riesgos. Adem\u00e1s, son responsables del presupuesto que manejan y de la eficiencia y efectividad de los programas bajo su coordinaci\u00f3n. Sin embargo, las faltas \u00e9ticas son las que m\u00e1s caro se pagan.<\/span><\/p>\n<p class=\"p1\"><span style=\"font-size: 14pt;\">Pero aqu\u00ed en M\u00e9xico\u00a0se miente a la\u00a0sociedad\u00a0con vergonzosa impunidad.<\/span><\/p>\n<p class=\"p1\"><span style=\"font-size: 14pt;\">La\u00a0pol\u00edtica\u00a0ya perdi\u00f3 seriedad y dignidad, para convertirse en un \u201cjuego de corcholatas\u201d, en el cual, quienes est\u00e1n considerados se sienten privilegiados y honrados por participar y quienes est\u00e1n fuera dar\u00edan cualquier cosa por estar incluidos. \u00bfY la dignidad?<\/span><\/p>\n<p class=\"p1\"><span style=\"font-size: 14pt;\">La pol\u00edtica se est\u00e1 convirtiendo en una parodia y sin embargo, no debemos olvidar que las decisiones pol\u00edticas definen la diferencia entre la vida y la muerte para muchos\u00a0mexicanos:\u00a0las v\u00edctimas de la violencia por un lado y por otro, las v\u00edctimas de un sistema de salud deficiente e ineficiente, -donde el presupuesto es determinante y no la vida de los enfermos-, s\u00f3lo por citar dos \u00e1mbitos de vital trascendencia.<\/span><\/p>\n<p class=\"p1\"><span style=\"font-size: 14pt;\">El presidente ha asumido el rol de juez plenipotenciario que exonera conductas cuestionables realizadas por funcionarios cercanos a \u00e9l, las cuales debiesen ser juzgadas con seriedad y severidad por las autoridades competentes.<\/span><\/p>\n<p class=\"p1\"><span style=\"font-size: 14pt;\">Tal es el caso de la actitud reiterada del presidente L\u00f3pez Obrador, quien no se cansa de justificar p\u00fablicamente las acciones cuestionables del fiscal general de la rep\u00fablica, a quien ahora se le descubre un video que circula por las redes sociales. Este describe la negociaci\u00f3n que el fiscal tuvo con Emilio Lozoya Thalmann, -padre del exdirector general de Pemex-, a quien telef\u00f3nicamente asesoraba para que su hijo evadiese la justicia. \u00bfSe requieren m\u00e1s evidencias?<\/span><\/p>\n<p class=\"p1\"><span style=\"font-size: 14pt;\">Sin embargo, la impunidad protege a los funcionarios p\u00fablicos favoritos de quien prometi\u00f3 combatir la corrupci\u00f3n.<\/span><\/p>\n<p class=\"p1\"><span style=\"font-size: 14pt;\">Del mismo modo que como sociedad nos hemos acostumbrado a aceptar como normal una violencia desmedida, -equiparable a la que existe en pa\u00edses con conflictos militares-, el alto nivel de tolerancia de los mexicanos ha normalizado la violaci\u00f3n sistem\u00e1tica del estado de derecho por parte de quienes ejercen liderazgo pol\u00edtico al m\u00e1s alto nivel.<\/span><\/p>\n<p class=\"p1\"><span style=\"font-size: 14pt;\">Nuestros gobernantes asumen que el cargo ganado leg\u00edtimamente en una elecci\u00f3n democr\u00e1tica les confiere la atribuci\u00f3n de mantenerse al margen de la\u00a0Constituci\u00f3n, -esa misma que cuando fueron investidos de tan honrosa responsabilidad-, juraron cumplir y hacer cumplir.<\/span><\/p>\n<p class=\"p1\"><span style=\"font-size: 14pt;\">Los l\u00edderes de opini\u00f3n hoy estamos atrapados en la suposici\u00f3n de que, exhibiendo las violaciones a la ley, -ya sea que se hayan realizado de forma directa, o protegiendo a quienes las cometen-, es suficiente para que se finquen\u00a0responsabilidades jur\u00eddicas.\u00a0Sin embargo, d\u00eda tras d\u00eda vemos que exhibir p\u00fablicamente la informaci\u00f3n que evidencia acciones delictivas no es suficiente para que haya consecuencias, como s\u00ed sucede en otros pa\u00edses del mismo nivel que el nuestro.<\/span><\/p>\n<p class=\"p1\"><span style=\"font-size: 14pt;\">Lo que estamos viendo es que nuestras instituciones, -aun estando legitimadas y siendo respetadas-, carecen de la fortaleza y de los recursos punitivos, para imponerse sobre los funcionarios p\u00fablicos de la elite pol\u00edtica, a fin de que sus actos inmorales tengan consecuencias jur\u00eddicas.<\/span><\/p>\n<p class=\"p1\"><span style=\"font-size: 14pt;\">Necesitamos pasar del diagn\u00f3stico al \u201ctratamiento\u201d jur\u00eddico. Un diagn\u00f3stico sin acciones correctivas no lleva a ninguna parte.<\/span><\/p>\n<p class=\"p1\"><span style=\"font-size: 14pt;\">\u00bfY la sociedad? \u2026 est\u00e1 atrapada en las falacias del mundo virtual, suponiendo que con los memes que ridiculizan y castigan con el escarnio p\u00fablico a pol\u00edticos sin moral y sin honor, habr\u00e1 consecuencias.<\/span><\/p>\n<p class=\"p1\"><span style=\"font-size: 14pt;\">Sin embargo, cualquier pol\u00edtico \u201cde medio pelo\u201d sabe que el nombre del juego es resistir, resistir y resistir, cuando son descubiertos medi\u00e1ticamente en actos de corrupci\u00f3n, -o incluso cometiendo delitos-, sobre todo si tienen un buen padrino, de esos que asumen que su palabra \u201ces la ley\u201d.<\/span><\/p>\n<p class=\"p1\"><span style=\"font-size: 14pt;\">Ya saben que si resisten, -escondi\u00e9ndose y evadiendo a la prensa-, pronto llegar\u00e1 un nuevo esc\u00e1ndalo con otros\u00a0actores pol\u00edticos,\u00a0que los sacar\u00e1 del ojo del hurac\u00e1n y todo el problema se desvanecer\u00e1 en cuesti\u00f3n de d\u00edas, sin importar la gravedad de las acciones denunciadas. La memoria colectiva de los mexicanos es de muy corto plazo.<\/span><\/p>\n<p class=\"p1\"><span style=\"font-size: 14pt;\">Los pol\u00edticos de hoy ya nos tomaron la medida. Saben que los memes, -lejos de constituir un castigo-, despresurizan la tensi\u00f3n y el enojo colectivo, para que todo se desvanezca.<\/span><\/p>\n<p class=\"p1\"><span style=\"font-size: 14pt;\">La \u00fanica forma de hacer que este pa\u00eds retome el camino de la institucionalidad y el\u00a0Estado de Derecho\u00a0es a trav\u00e9s de interponer los recursos jur\u00eddicos correspondientes, hoy que a\u00fan existe un marco jur\u00eddico. De esta forma se sientan precedentes jur\u00eddicos que en el futuro pueden detonar en justicia cuando los funcionarios p\u00fablicos, -sin importar el alt\u00edsimo nivel que hoy tengan-, dejen el cargo y se vuelvan vulnerables.<\/span><\/p>\n<p>&nbsp;<\/p>\n<p class=\"p1\"><span style=\"font-size: 18pt;\"><strong>GENOCIDIO DE ESTADO<\/strong><\/span><br \/>\n<span style=\"font-size: 14pt;\">Tener al alcance todos los medios del\u00a0Estado Mexicano\u00a0para combatir la delincuencia que genera violencia mortal y no hacerlo, -s\u00f3lo por cuesti\u00f3n de principios morales personales, ideol\u00f3gicos o conveniencia pol\u00edtica-, es genocidio de estado.<\/span><\/p>\n<p class=\"p1\"><span style=\"font-size: 14pt;\">Privilegiar el reparto del presupuesto anual con intereses pol\u00edticos, -en lugar de anteponer la salud de los mexicanos-, es genocidio de estado.<\/span><\/p>\n<p class=\"p1\"><span style=\"font-size: 14pt;\">Mientras tanto, todos sabemos que el dinero se invierte en frivolidades, o en proyectos fara\u00f3nicos y tambi\u00e9n se regala a los \u201cpa\u00edses amigos\u201d de este gobierno, sabiendo que de ese dinero depende la vida o la muerte de muchos mexicanos vulnerables que no tienen dinero para pagarse un tratamiento m\u00e9dico ni comprar medicinas. Esto es\u00a0\u201cgenocidio de estado\u201d.<\/span><\/p>\n<p>&nbsp;<\/p>\n<p class=\"p1\"><span style=\"font-size: 18pt;\"><strong>\u00bfA usted qu\u00e9 le parece?<\/strong><\/span><\/p>\n<p>&nbsp;<\/p>\n<p class=\"p1\"><span style=\"font-size: 18pt;\"><strong>Facebook:<a href=\"https:\/\/www.facebook.com\/Ricardo.Homs1\">@Ricardo.Homs1<\/a><\/strong><\/span><\/p>\n<p class=\"p1\"><span style=\"font-size: 18pt;\"><strong>Twitter:\u00a0<\/strong><a href=\"https:\/\/twitter.com\/homsricardo\"><strong>@homsricardo<\/strong><\/a><\/span><\/p>\n<p class=\"p1\"><span style=\"font-size: 18pt;\"><strong>Linkedin:\u00a0<a href=\"https:\/\/www.linkedin.com\/in\/ricardo-homs-3920449\/?originalSubdomain=mx\">RicardoHoms<\/a><\/strong><\/span><\/p>\n<p class=\"p1\"><span style=\"font-size: 18pt;\"><a href=\"https:\/\/ricardohoms.com\/\"><strong>www.ricardohoms.com<\/strong><\/a><\/span><\/p>\n<p>&nbsp;<\/p>\n<p><span style=\"font-size: 18pt; color: #319eca;\"><em><strong>**Las columnas firmadas en este medio son responsabilidad de quienes las firman**<\/strong><\/em><\/span><\/p>\n<p>&nbsp;<\/p>\n<p>&nbsp;<\/p>\n<p>&nbsp;<\/p>\n<p>&nbsp;<\/p>\n<p>&nbsp;<\/p>\n<p>&nbsp;<\/p>\n<p>&nbsp;<\/p>\n","protected":false},"excerpt":{"rendered":"<p>&nbsp; Por Ricardo Homs Cada vez me es m\u00e1s dif\u00edcil dar un nuevo enfoque a la situaci\u00f3n ca\u00f3tica y surrealista<\/p>\n","protected":false},"author":4,"featured_media":3778,"comment_status":"closed","ping_status":"closed","sticky":false,"template":"","format":"standard","meta":{"colormag_page_container_layout":"default_layout","colormag_page_sidebar_layout":"default_layout","_jetpack_memberships_contains_paid_content":false,"footnotes":"","jetpack_publicize_message":"","jetpack_publicize_feature_enabled":true,"jetpack_social_post_already_shared":false,"jetpack_social_options":{"image_generator_settings":{"template":"highway","default_image_id":0,"font":"","enabled":false},"version":2}},"categories":[26],"tags":[],"class_list":["post-7861","post","type-post","status-publish","format-standard","has-post-thumbnail","hentry","category-columnistas"],"jetpack_publicize_connections":[],"jetpack_featured_media_url":"https:\/\/i0.wp.com\/politicosaldesnudo.com.mx\/wp-content\/uploads\/2022\/04\/RICARDO-HOMS.png?fit=1816%2C1016&ssl=1","jetpack-related-posts":[],"jetpack_sharing_enabled":true,"_links":{"self":[{"href":"https:\/\/politicosaldesnudo.com.mx\/index.php\/wp-json\/wp\/v2\/posts\/7861","targetHints":{"allow":["GET"]}}],"collection":[{"href":"https:\/\/politicosaldesnudo.com.mx\/index.php\/wp-json\/wp\/v2\/posts"}],"about":[{"href":"https:\/\/politicosaldesnudo.com.mx\/index.php\/wp-json\/wp\/v2\/types\/post"}],"author":[{"embeddable":true,"href":"https:\/\/politicosaldesnudo.com.mx\/index.php\/wp-json\/wp\/v2\/users\/4"}],"replies":[{"embeddable":true,"href":"https:\/\/politicosaldesnudo.com.mx\/index.php\/wp-json\/wp\/v2\/comments?post=7861"}],"version-history":[{"count":0,"href":"https:\/\/politicosaldesnudo.com.mx\/index.php\/wp-json\/wp\/v2\/posts\/7861\/revisions"}],"wp:featuredmedia":[{"embeddable":true,"href":"https:\/\/politicosaldesnudo.com.mx\/index.php\/wp-json\/wp\/v2\/media\/3778"}],"wp:attachment":[{"href":"https:\/\/politicosaldesnudo.com.mx\/index.php\/wp-json\/wp\/v2\/media?parent=7861"}],"wp:term":[{"taxonomy":"category","embeddable":true,"href":"https:\/\/politicosaldesnudo.com.mx\/index.php\/wp-json\/wp\/v2\/categories?post=7861"},{"taxonomy":"post_tag","embeddable":true,"href":"https:\/\/politicosaldesnudo.com.mx\/index.php\/wp-json\/wp\/v2\/tags?post=7861"}],"curies":[{"name":"wp","href":"https:\/\/api.w.org\/{rel}","templated":true}]}}