{"id":78619,"date":"2026-01-22T00:15:45","date_gmt":"2026-01-22T06:15:45","guid":{"rendered":"https:\/\/politicosaldesnudo.com.mx\/?p=78619"},"modified":"2026-01-21T22:36:07","modified_gmt":"2026-01-22T04:36:07","slug":"manifiesta-carlos-torres-disposicion-para-esclarecer-calumnias-anonimas-tras-apertura-de-carpeta-en-fgr","status":"publish","type":"post","link":"https:\/\/politicosaldesnudo.com.mx\/index.php\/2026\/01\/22\/manifiesta-carlos-torres-disposicion-para-esclarecer-calumnias-anonimas-tras-apertura-de-carpeta-en-fgr\/","title":{"rendered":"Manifiesta Carlos Torres disposici\u00f3n para esclarecer calumnias an\u00f3nimas, tras apertura de carpeta en FGR"},"content":{"rendered":"<p>Carlos Torres Torres -quien se encuentra en proceso de divorcio de la gobernadora de Baja California, Marina del Pilar \u00c1vila- emiti\u00f3 un comunicado este mi\u00e9rcoles para referirse a la carpeta de investigaci\u00f3n que la Fiscal\u00eda General de la Rep\u00fablica (FGR) abri\u00f3 en su contra, tras una denuncia an\u00f3nima.<\/p>\n<p>\u201cHoy que he dado un paso atr\u00e1s y he dejado la actividad pol\u00edtica, tengo la posibilidad y el tiempo para atender este tema, esclarecer cualquier se\u00f1alamiento y, sobre todo, defender plenamente mi honor y la tranquilidad de mi entorno\u201d, se\u00f1al\u00f3 Torres.<\/p>\n<p>En el texto, desvincula el procedimiento de una investigaci\u00f3n formal y asegura que responde \u00fanicamente a una declaraci\u00f3n sin rostro. Hizo \u00e9nfasis en su colaboraci\u00f3n con las autoridades y neg\u00f3 cualquier irregularidad.<\/p>\n<p>\u201cEl origen de dicha informaci\u00f3n es una denuncia an\u00f3nima. Es vital distinguir que no se trata de una investigaci\u00f3n basada en hechos, sino de un procedimiento protocolario ante un dicho sin rostro. Respeto profundamente el trabajo de las instituciones y el debido proceso. Por ello, manifiesto mi total disposici\u00f3n para esclarecer estas calumnias an\u00f3nimas: no tengo nada que ocultar\u201d.<\/p>\n<p>Torres aprovech\u00f3 para hacer un reconocimiento a su c\u00edrculo cercano, que \u2013seg\u00fan \u00e9l\u2013 ha sido lastimado sin raz\u00f3n por su exposici\u00f3n p\u00fablica: \u201cAprovecho para agradecer a quienes se mantienen cerca de m\u00ed; lamento que muchas veces resulten lastimados sin ninguna raz\u00f3n, pagando costos injustos derivados de mi paso por la vida p\u00fablica\u201d.<\/p>\n<p>La declaraci\u00f3n llega en un momento de transici\u00f3n personal y legal para Torres, quien recientemente inici\u00f3 un proceso de divorcio de la gobernadora Avila Olmeda, que sucedi\u00f3 luego de que el gobierno de Estados Unidos les retir\u00f3 la visa por motivos a\u00fan desconocidos.<\/p>\n<p>\u201cUna denuncia an\u00f3nima, por su propia naturaleza, permite que cualquier persona pueda se\u00f1alar sin presentar pruebas y sin dar la cara; sin embargo, conf\u00edo plenamente en que la investigaci\u00f3n de la Fiscal\u00eda servir\u00e1 precisamente para desestimar estas falsedades y confirmar que se trata de una calumnia sin sustento\u201d, se\u00f1al\u00f3 Torres en su comunicado.<\/p>\n","protected":false},"excerpt":{"rendered":"<p>Carlos Torres Torres -quien se encuentra en proceso de divorcio de la gobernadora de Baja California, Marina del Pilar \u00c1vila-<\/p>\n","protected":false},"author":4,"featured_media":78620,"comment_status":"closed","ping_status":"closed","sticky":false,"template":"","format":"standard","meta":{"colormag_page_container_layout":"default_layout","colormag_page_sidebar_layout":"default_layout","_jetpack_memberships_contains_paid_content":false,"footnotes":"","jetpack_publicize_message":"","jetpack_publicize_feature_enabled":true,"jetpack_social_post_already_shared":true,"jetpack_social_options":{"image_generator_settings":{"template":"highway","default_image_id":0,"font":"","enabled":false},"version":2}},"categories":[30],"tags":[],"class_list":["post-78619","post","type-post","status-publish","format-standard","has-post-thumbnail","hentry","category-estados"],"jetpack_publicize_connections":[],"jetpack_featured_media_url":"https:\/\/i0.wp.com\/politicosaldesnudo.com.mx\/wp-content\/uploads\/2026\/01\/VATI.jpg?fit=1200%2C960&ssl=1","jetpack-related-posts":[],"jetpack_sharing_enabled":true,"_links":{"self":[{"href":"https:\/\/politicosaldesnudo.com.mx\/index.php\/wp-json\/wp\/v2\/posts\/78619","targetHints":{"allow":["GET"]}}],"collection":[{"href":"https:\/\/politicosaldesnudo.com.mx\/index.php\/wp-json\/wp\/v2\/posts"}],"about":[{"href":"https:\/\/politicosaldesnudo.com.mx\/index.php\/wp-json\/wp\/v2\/types\/post"}],"author":[{"embeddable":true,"href":"https:\/\/politicosaldesnudo.com.mx\/index.php\/wp-json\/wp\/v2\/users\/4"}],"replies":[{"embeddable":true,"href":"https:\/\/politicosaldesnudo.com.mx\/index.php\/wp-json\/wp\/v2\/comments?post=78619"}],"version-history":[{"count":0,"href":"https:\/\/politicosaldesnudo.com.mx\/index.php\/wp-json\/wp\/v2\/posts\/78619\/revisions"}],"wp:featuredmedia":[{"embeddable":true,"href":"https:\/\/politicosaldesnudo.com.mx\/index.php\/wp-json\/wp\/v2\/media\/78620"}],"wp:attachment":[{"href":"https:\/\/politicosaldesnudo.com.mx\/index.php\/wp-json\/wp\/v2\/media?parent=78619"}],"wp:term":[{"taxonomy":"category","embeddable":true,"href":"https:\/\/politicosaldesnudo.com.mx\/index.php\/wp-json\/wp\/v2\/categories?post=78619"},{"taxonomy":"post_tag","embeddable":true,"href":"https:\/\/politicosaldesnudo.com.mx\/index.php\/wp-json\/wp\/v2\/tags?post=78619"}],"curies":[{"name":"wp","href":"https:\/\/api.w.org\/{rel}","templated":true}]}}