{"id":78625,"date":"2026-01-22T00:17:36","date_gmt":"2026-01-22T06:17:36","guid":{"rendered":"https:\/\/politicosaldesnudo.com.mx\/?p=78625"},"modified":"2026-01-21T22:40:01","modified_gmt":"2026-01-22T04:40:01","slug":"presidente-de-peru-dice-que-empresarios-chinos-insistian-para-que-viaje-a-china-en-citas-ocultas","status":"publish","type":"post","link":"https:\/\/politicosaldesnudo.com.mx\/index.php\/2026\/01\/22\/presidente-de-peru-dice-que-empresarios-chinos-insistian-para-que-viaje-a-china-en-citas-ocultas\/","title":{"rendered":"Presidente de Per\u00fa dice que empresarios chinos insist\u00edan para que viaje a China en citas ocultas"},"content":{"rendered":"<p class=\"nota-justify\">El mandatario interino peruano, Jos\u00e9 Jer\u00ed, declar\u00f3 este mi\u00e9rcoles en una sesi\u00f3n de la comisi\u00f3n de fiscalizaci\u00f3n del Parlamento que los empresarios chinos, con los que se reuni\u00f3 en citas no registradas, insist\u00edan en que viaje a China. Las revelaciones de la prensa provocaron una crisis gubernamental y pedidos para removerlo del poder.<\/p>\n<p class=\"nota-justify\">La situaci\u00f3n se produce en un pa\u00eds sudamericano que est\u00e1 sumergido en una larga inestabilidad pol\u00edtica que sum\u00f3 siete presidentes desde 2016 y que est\u00e1 pr\u00f3ximo a celebrar comicios generales. La naci\u00f3n andina tambi\u00e9n afronta el descontento de sus ciudadanos por el alza de la criminalidad.<\/p>\n<p class=\"nota-justify\">Jer\u00ed repiti\u00f3, tal como lo indic\u00f3 la v\u00edspera a una televisora local, que en las reuniones no hizo \u201cnada il\u00edcito\u201d. Sin mostrar pruebas se\u00f1al\u00f3 que existe un \u201c\u00e1nimo desestabilizador\u201d para defenestrarlo con el objetivo de \u201cintervenir\u201d en las pr\u00f3ximas elecciones del 12 de abril.<\/p>\n<p class=\"nota-justify\">Revel\u00f3 que se reuni\u00f3 cuatro veces, entre diciembre y enero, con el empresario Yang Zhihua, de 53 a\u00f1os, en un restaurante y una tienda mayorista porque quer\u00eda comer comida china y comprar caramelos, respectivamente. Tres veces lo hizo en un restaurante. Pero su asistencia la noche del 26 de diciembre, cubriendo su cabeza con una capucha y llevando un bolso, despert\u00f3 sospechas de la oposici\u00f3n sobre posibles actos irregulares.<\/p>\n<p class=\"nota-justify\">Yang, a quien Jer\u00ed llama \u201cJohnny\u201d, es propietario del restaurante de comida china y de la tienda, pero adem\u00e1s se adjudic\u00f3 en 2023 una concesi\u00f3n para construir una hidroel\u00e9ctrica en los Andes que a\u00fan no ha entregado. El mandatario indic\u00f3 que no sab\u00eda los antecedentes de otro empresario chino, Ji Wu Xiaodong, quien ingres\u00f3 a palacio de gobierno tres veces, pese a tener arresto domiciliario y no poder abandonar su casa por estar investigado por su vinculaci\u00f3n a una organizaci\u00f3n criminal de tr\u00e1fico de madera en la Amazon\u00eda.<\/p>\n<p class=\"nota-justify\">El martes, Jer\u00ed indic\u00f3 que Ji Wu tambi\u00e9n estuvo presente en el restaurante chino sirviendo la comida y que luego, en sus tres ingresos al palacio de gobierno, Ji Wu no le realiz\u00f3 ning\u00fan pedido porque \u201cno habla mucho espa\u00f1ol\u201d. Sin embargo, Ji Wu est\u00e1 registrado como traductor oficial de chino a espa\u00f1ol, seg\u00fan datos oficiales.<\/p>\n<p class=\"nota-justify\">Jer\u00ed afirm\u00f3 que en las citas ocultas con los empresarios se coordin\u00f3 sobre las actividades del D\u00eda de la Confraternidad Peruano\u2013China, que se celebrar\u00e1 el 1 de febrero. China es el primer socio comercial de Per\u00fa por m\u00e1s de una d\u00e9cada con inversiones claves en diversos rubros, incluido un megapuerto en el Pac\u00edfico que acorta una ruta mar\u00edtima que conecta a Sudam\u00e9rica con Asia.<\/p>\n<p class=\"nota-justify\">El presidente\u00a0<i>ad interim\u00a0<\/i>tambi\u00e9n revel\u00f3 este mi\u00e9rcoles que los empresarios insist\u00edan en que viaje a China. \u201cPor veinteava vez, a modo de graficarlo, se me invit\u00f3 nuevamente a China\u201d, coment\u00f3. Indic\u00f3 que los empresarios quer\u00edan que viaje \u201cpor intermedio de ellos, de la embajada, de la canciller\u00eda\u00bb. A\u00f1adi\u00f3 que no acept\u00f3 \u201cpor temas de agenda\u00bb.<\/p>\n<p class=\"nota-justify\">\u201c\u00bfCu\u00e1ndo viaja? \u00bfPor qu\u00e9 no viaja? Ahora que es presidente deber\u00eda viajar\u201d, record\u00f3 que le dec\u00edan.<\/p>\n<p class=\"nota-justify\">The Associated Press pregunt\u00f3 a la canciller\u00eda peruana y a la embajada de China en Per\u00fa sobre si estaban enteradas de los ofrecimientos de los empresarios para que el presidente viaje a China, pero no se obtuvo una respuesta al momento.<\/p>\n<p class=\"nota-justify\">El presidente no quiso mostrar su tel\u00e9fono m\u00f3vil, pese a los pedidos de una legisladora y los periodistas, para mostrar con quien conversaba el 6 de enero en una tienda mayorista del empresario Yang, de acuerdo con un video difundido por la prensa local. La sospecha surgi\u00f3 porque la tienda estaba clausurada por infringir normas municipales, pero d\u00edas despu\u00e9s una norma gubernamental permiti\u00f3 que la tienda se reabra.<\/p>\n<p class=\"nota-justify\">Tres grupos de congresistas presentaron por separado ante el Parlamento tres pedidos para remover a Jer\u00ed de la presidencia interina luego que lleg\u00f3 al poder el 10 de octubre por l\u00ednea de sucesi\u00f3n presidencial en reemplazo de la entonces presidenta Dina Boluarte (2022-2025), quien no ten\u00eda vicepresidente.<\/p>\n","protected":false},"excerpt":{"rendered":"<p>El mandatario interino peruano, Jos\u00e9 Jer\u00ed, declar\u00f3 este mi\u00e9rcoles en una sesi\u00f3n de la comisi\u00f3n de fiscalizaci\u00f3n del Parlamento que<\/p>\n","protected":false},"author":4,"featured_media":78626,"comment_status":"closed","ping_status":"closed","sticky":false,"template":"","format":"standard","meta":{"colormag_page_container_layout":"default_layout","colormag_page_sidebar_layout":"default_layout","_jetpack_memberships_contains_paid_content":false,"footnotes":"","jetpack_publicize_message":"","jetpack_publicize_feature_enabled":true,"jetpack_social_post_already_shared":true,"jetpack_social_options":{"image_generator_settings":{"template":"highway","default_image_id":0,"font":"","enabled":false},"version":2}},"categories":[28],"tags":[],"class_list":["post-78625","post","type-post","status-publish","format-standard","has-post-thumbnail","hentry","category-internacional"],"jetpack_publicize_connections":[],"jetpack_featured_media_url":"https:\/\/i0.wp.com\/politicosaldesnudo.com.mx\/wp-content\/uploads\/2026\/01\/ELCHIL.jpg?fit=1200%2C800&ssl=1","jetpack-related-posts":[],"jetpack_sharing_enabled":true,"_links":{"self":[{"href":"https:\/\/politicosaldesnudo.com.mx\/index.php\/wp-json\/wp\/v2\/posts\/78625","targetHints":{"allow":["GET"]}}],"collection":[{"href":"https:\/\/politicosaldesnudo.com.mx\/index.php\/wp-json\/wp\/v2\/posts"}],"about":[{"href":"https:\/\/politicosaldesnudo.com.mx\/index.php\/wp-json\/wp\/v2\/types\/post"}],"author":[{"embeddable":true,"href":"https:\/\/politicosaldesnudo.com.mx\/index.php\/wp-json\/wp\/v2\/users\/4"}],"replies":[{"embeddable":true,"href":"https:\/\/politicosaldesnudo.com.mx\/index.php\/wp-json\/wp\/v2\/comments?post=78625"}],"version-history":[{"count":0,"href":"https:\/\/politicosaldesnudo.com.mx\/index.php\/wp-json\/wp\/v2\/posts\/78625\/revisions"}],"wp:featuredmedia":[{"embeddable":true,"href":"https:\/\/politicosaldesnudo.com.mx\/index.php\/wp-json\/wp\/v2\/media\/78626"}],"wp:attachment":[{"href":"https:\/\/politicosaldesnudo.com.mx\/index.php\/wp-json\/wp\/v2\/media?parent=78625"}],"wp:term":[{"taxonomy":"category","embeddable":true,"href":"https:\/\/politicosaldesnudo.com.mx\/index.php\/wp-json\/wp\/v2\/categories?post=78625"},{"taxonomy":"post_tag","embeddable":true,"href":"https:\/\/politicosaldesnudo.com.mx\/index.php\/wp-json\/wp\/v2\/tags?post=78625"}],"curies":[{"name":"wp","href":"https:\/\/api.w.org\/{rel}","templated":true}]}}