{"id":78636,"date":"2026-01-23T00:01:06","date_gmt":"2026-01-23T06:01:06","guid":{"rendered":"https:\/\/politicosaldesnudo.com.mx\/?p=78636"},"modified":"2026-01-22T22:34:41","modified_gmt":"2026-01-23T04:34:41","slug":"tuxpan-en-alerta-preventiva-por-gusano-barrenador","status":"publish","type":"post","link":"https:\/\/politicosaldesnudo.com.mx\/index.php\/2026\/01\/23\/tuxpan-en-alerta-preventiva-por-gusano-barrenador\/","title":{"rendered":"Tuxpan en Alerta preventiva por Gusano Barrenador"},"content":{"rendered":"<p>El municipio de Tuxpan esta en prevenci\u00f3n tras la detecci\u00f3n de presencia del gusano barrenador en la regi\u00f3n, una medida de control que busca salvaguardar el patrimonio pecuario local.<br \/>\nEl coordinador municipal de Ganader\u00eda, Pedro Barrales, subray\u00f3 la urgencia de aplicar protocolos estrictos para informar sobre esta plaga que afecta directamente a la salud del ganado y representa un riesgo econ\u00f3mico para el sector.<\/p>\n<p>El funcionario inform\u00f3 que se pondr\u00e1 en marcha de manera inmediata un programa de capacitaci\u00f3n mediante cursos informativos dirigidos a los productores de la zona. Estas jornadas de instrucci\u00f3n tienen como objetivo primordial dotar a los ganaderos de las herramientas t\u00e9cnicas necesarias para la detecci\u00f3n temprana del par\u00e1sito, as\u00ed como el manejo adecuado de las heridas en los animales y la aplicaci\u00f3n de tratamientos preventivos.<\/p>\n<p>Barrales enfatiz\u00f3 que la colaboraci\u00f3n entre las autoridades y el sector productivo es fundamental para que todos los propietarios de ranchos y unidades de producci\u00f3n se mantengan en alerta y reporten cualquier anomal\u00eda observada en sus hatos para evitar un impacto en la econom\u00eda regional.<\/p>\n","protected":false},"excerpt":{"rendered":"<p>El municipio de Tuxpan esta en prevenci\u00f3n tras la detecci\u00f3n de presencia del gusano barrenador en la regi\u00f3n, una medida<\/p>\n","protected":false},"author":4,"featured_media":78637,"comment_status":"closed","ping_status":"closed","sticky":false,"template":"","format":"standard","meta":{"colormag_page_container_layout":"default_layout","colormag_page_sidebar_layout":"default_layout","_jetpack_memberships_contains_paid_content":false,"footnotes":"","jetpack_publicize_message":"","jetpack_publicize_feature_enabled":true,"jetpack_social_post_already_shared":true,"jetpack_social_options":{"image_generator_settings":{"template":"highway","default_image_id":0,"font":"","enabled":false},"version":2}},"categories":[1082],"tags":[],"class_list":["post-78636","post","type-post","status-publish","format-standard","has-post-thumbnail","hentry","category-tuxpan"],"jetpack_publicize_connections":[],"jetpack_featured_media_url":"https:\/\/i0.wp.com\/politicosaldesnudo.com.mx\/wp-content\/uploads\/2026\/01\/WhatsApp-Image-2026-01-22-at-16.5.jpg?fit=1268%2C810&ssl=1","jetpack-related-posts":[],"jetpack_sharing_enabled":true,"_links":{"self":[{"href":"https:\/\/politicosaldesnudo.com.mx\/index.php\/wp-json\/wp\/v2\/posts\/78636","targetHints":{"allow":["GET"]}}],"collection":[{"href":"https:\/\/politicosaldesnudo.com.mx\/index.php\/wp-json\/wp\/v2\/posts"}],"about":[{"href":"https:\/\/politicosaldesnudo.com.mx\/index.php\/wp-json\/wp\/v2\/types\/post"}],"author":[{"embeddable":true,"href":"https:\/\/politicosaldesnudo.com.mx\/index.php\/wp-json\/wp\/v2\/users\/4"}],"replies":[{"embeddable":true,"href":"https:\/\/politicosaldesnudo.com.mx\/index.php\/wp-json\/wp\/v2\/comments?post=78636"}],"version-history":[{"count":0,"href":"https:\/\/politicosaldesnudo.com.mx\/index.php\/wp-json\/wp\/v2\/posts\/78636\/revisions"}],"wp:featuredmedia":[{"embeddable":true,"href":"https:\/\/politicosaldesnudo.com.mx\/index.php\/wp-json\/wp\/v2\/media\/78637"}],"wp:attachment":[{"href":"https:\/\/politicosaldesnudo.com.mx\/index.php\/wp-json\/wp\/v2\/media?parent=78636"}],"wp:term":[{"taxonomy":"category","embeddable":true,"href":"https:\/\/politicosaldesnudo.com.mx\/index.php\/wp-json\/wp\/v2\/categories?post=78636"},{"taxonomy":"post_tag","embeddable":true,"href":"https:\/\/politicosaldesnudo.com.mx\/index.php\/wp-json\/wp\/v2\/tags?post=78636"}],"curies":[{"name":"wp","href":"https:\/\/api.w.org\/{rel}","templated":true}]}}