{"id":78639,"date":"2026-01-23T00:02:13","date_gmt":"2026-01-23T06:02:13","guid":{"rendered":"https:\/\/politicosaldesnudo.com.mx\/?p=78639"},"modified":"2026-01-22T22:35:43","modified_gmt":"2026-01-23T04:35:43","slug":"gobierno-y-empresarios-acuerdan-estrategias-para-mejorar-la-vialidad-en-tuxpan","status":"publish","type":"post","link":"https:\/\/politicosaldesnudo.com.mx\/index.php\/2026\/01\/23\/gobierno-y-empresarios-acuerdan-estrategias-para-mejorar-la-vialidad-en-tuxpan\/","title":{"rendered":"Gobierno y empresarios acuerdan estrategias para mejorar la vialidad en Tuxpan"},"content":{"rendered":"<p>Con el objetivo de optimizar la movilidad urbana y facilitar la actividad comercial en el puerto, el Regidor Cuarto, Rene Cruz Cort\u00e9s, encabez\u00f3 una reuni\u00f3n estrat\u00e9gica de trabajo con los principales representantes del sector empresarial y autoridades de Tr\u00e1nsito Municipal.<br \/>\nEn su calidad de comisionado en Tr\u00e1nsito y Vialidad, Cruz Cort\u00e9s se reuni\u00f3 con la mesa directiva de la CANACO Tuxpan, la Asociaci\u00f3n de Hoteles y Moteles, y la CANACINTRA, el encuentro cont\u00f3 con la participaci\u00f3n t\u00e9cnica del titular de la Direcci\u00f3n de Tr\u00e1nsito Municipal, Juan Manuel Guti\u00e9rrez Leal.<br \/>\nDurante la sesi\u00f3n, los l\u00edderes empresariales y las autoridades locales analizaron los puntos cr\u00edticos que afectan el flujo diario en las zonas comerciales. Entre los acuerdos m\u00e1s relevantes, se destac\u00f3 la necesidad de establecer lineamientos claros en la Carga y descarga, con la optimizaci\u00f3n de horarios y espacios para evitar congestionamientos en horas pico.<br \/>\nAdem\u00e1s de Se\u00f1al\u00e9tica, que se realice la renovaci\u00f3n y actualizaci\u00f3n de se\u00f1ales viales para orientar mejor a locales y turistas, realizar acciones para evitar la obstrucci\u00f3n de accesos a establecimientos comerciales, entre otros puntos.<br \/>\nEl edil Rene Cruz subray\u00f3 que estas mesas de trabajo son fundamentales para equilibrar el orden p\u00fablico con el desarrollo econ\u00f3mico de Tuxpan.<br \/>\n\u00abEl objetivo es establecer acuerdos que beneficien directamente al sector empresarial, fortaleciendo el orden vial y mejorando las condiciones para el crecimiento de nuestra econom\u00eda local\u00bb, afirm\u00f3 el edil.<br \/>\nPor su parte, los representantes de las c\u00e1maras (CANACO, CANACINTRA y Hoteleros) coincidieron en la importancia de mantener una coordinaci\u00f3n estrecha con la Direcci\u00f3n de Tr\u00e1nsito para garantizar que Tuxpan sea una ciudad m\u00e1s funcional tanto para los negocios como para la ciudadan\u00eda en general.<\/p>\n","protected":false},"excerpt":{"rendered":"<p>Con el objetivo de optimizar la movilidad urbana y facilitar la actividad comercial en el puerto, el Regidor Cuarto, Rene<\/p>\n","protected":false},"author":4,"featured_media":78640,"comment_status":"closed","ping_status":"closed","sticky":false,"template":"","format":"standard","meta":{"colormag_page_container_layout":"default_layout","colormag_page_sidebar_layout":"default_layout","_jetpack_memberships_contains_paid_content":false,"footnotes":"","jetpack_publicize_message":"","jetpack_publicize_feature_enabled":true,"jetpack_social_post_already_shared":true,"jetpack_social_options":{"image_generator_settings":{"template":"highway","default_image_id":0,"font":"","enabled":false},"version":2}},"categories":[1082],"tags":[],"class_list":["post-78639","post","type-post","status-publish","format-standard","has-post-thumbnail","hentry","category-tuxpan"],"jetpack_publicize_connections":[],"jetpack_featured_media_url":"https:\/\/i0.wp.com\/politicosaldesnudo.com.mx\/wp-content\/uploads\/2026\/01\/WhatsApp-Image-2026-01-22-at-16.58.55-2.jpg?fit=1286%2C924&ssl=1","jetpack-related-posts":[],"jetpack_sharing_enabled":true,"_links":{"self":[{"href":"https:\/\/politicosaldesnudo.com.mx\/index.php\/wp-json\/wp\/v2\/posts\/78639","targetHints":{"allow":["GET"]}}],"collection":[{"href":"https:\/\/politicosaldesnudo.com.mx\/index.php\/wp-json\/wp\/v2\/posts"}],"about":[{"href":"https:\/\/politicosaldesnudo.com.mx\/index.php\/wp-json\/wp\/v2\/types\/post"}],"author":[{"embeddable":true,"href":"https:\/\/politicosaldesnudo.com.mx\/index.php\/wp-json\/wp\/v2\/users\/4"}],"replies":[{"embeddable":true,"href":"https:\/\/politicosaldesnudo.com.mx\/index.php\/wp-json\/wp\/v2\/comments?post=78639"}],"version-history":[{"count":0,"href":"https:\/\/politicosaldesnudo.com.mx\/index.php\/wp-json\/wp\/v2\/posts\/78639\/revisions"}],"wp:featuredmedia":[{"embeddable":true,"href":"https:\/\/politicosaldesnudo.com.mx\/index.php\/wp-json\/wp\/v2\/media\/78640"}],"wp:attachment":[{"href":"https:\/\/politicosaldesnudo.com.mx\/index.php\/wp-json\/wp\/v2\/media?parent=78639"}],"wp:term":[{"taxonomy":"category","embeddable":true,"href":"https:\/\/politicosaldesnudo.com.mx\/index.php\/wp-json\/wp\/v2\/categories?post=78639"},{"taxonomy":"post_tag","embeddable":true,"href":"https:\/\/politicosaldesnudo.com.mx\/index.php\/wp-json\/wp\/v2\/tags?post=78639"}],"curies":[{"name":"wp","href":"https:\/\/api.w.org\/{rel}","templated":true}]}}