{"id":78651,"date":"2026-01-23T00:06:47","date_gmt":"2026-01-23T06:06:47","guid":{"rendered":"https:\/\/politicosaldesnudo.com.mx\/?p=78651"},"modified":"2026-01-22T23:25:58","modified_gmt":"2026-01-23T05:25:58","slug":"corte-firma-convenio-con-el-issste-para-atencion-medica-especializada-de-su-personal","status":"publish","type":"post","link":"https:\/\/politicosaldesnudo.com.mx\/index.php\/2026\/01\/23\/corte-firma-convenio-con-el-issste-para-atencion-medica-especializada-de-su-personal\/","title":{"rendered":"Corte firma convenio con el Issste para atenci\u00f3n m\u00e9dica especializada de su personal"},"content":{"rendered":"<p class=\"nota-justify\">Tras cancelar los seguros de gastos m\u00e9dicos para su personal, la Suprema Corte de Justicia de la Naci\u00f3n (SCJN) firm\u00f3 este jueves un convenio con el Instituto de Seguridad y Servicios Sociales de los Trabajadores del Estado (Issste) para facilitar la atenci\u00f3n de segundo nivel a sus trabajadores, es decir, consultas con m\u00e9dicos especialistas y la realizaci\u00f3n de estudios del alta especialidad.<\/p>\n<p class=\"nota-justify\">La firma del \u201cConvenio de Colaboraci\u00f3n para la Atenci\u00f3n de Servicios M\u00e9dicos de Segundo Nivel\u201d, en la sede del alto tribunal, fue encabezada por el ministro presidente Hugo Aguilar Ortiz, y el director general del Issste, Mart\u00ed Batres Guadarrama.<\/p>\n<p class=\"nota-justify\">\u201cEl acuerdo ordena y formaliza un procedimiento ya previsto en la normatividad vigente, lo que da oportunidad a una mejor programaci\u00f3n de consultas con m\u00e9dicas y m\u00e9dicos especialistas, as\u00ed como de estudios y tratamientos que requieren atenci\u00f3n de segundo nivel\u201d, precis\u00f3 el alto tribunal en un comunicado.<\/p>\n<p class=\"nota-justify\">Se precis\u00f3 que el acuerdo permitir\u00e1 a la Suprema Corte enviar de manera sistem\u00e1tica los casos que requieren atenci\u00f3n especializada, reforzar la coordinaci\u00f3n con el Issste y agilizar los tiempos, los mecanismos de referencia m\u00e9dica y la operaci\u00f3n general del sistema de salud.<\/p>\n<p class=\"nota-justify\">\u201cNosotros no podemos hacer justicia hacia afuera y olvidar la casa; nosotros no podemos pensar en el bienestar de otros sin ocuparnos del bienestar del personal de la Suprema Corte\u201d, dijo Aguilar Ortiz, al destacar la trascendencia de la firma del convenio, por brindar certeza a las y los colaboradores del M\u00e1ximo Tribunal.<\/p>\n<p class=\"nota-justify\">\u201cAhora nosotros somos tambi\u00e9n derechohabientes del Issste, y con mucho gusto y con mucha confianza tambi\u00e9n en las instituciones del Estado\u201d, agreg\u00f3.<\/p>\n<p class=\"nota-justify\">Por su parte, el director general del Issste, Batres Guadarrama, explic\u00f3 que la colaboraci\u00f3n permitir\u00e1 articular los servicios m\u00e9dicos con los que ya cuenta la Corte y garantizar, mediante los mecanismos de referencia y contrarreferencia, el acceso oportuno a la atenci\u00f3n requerida en el Instituto.<\/p>\n<p class=\"nota-justify\">Subray\u00f3 que se trata de \u201cun convenio igualador\u201d, porque \u201cmanda el mensaje de que en el Estado mexicano todas y todos los servidores p\u00fablicos son iguales, tienen los mismos derechos\u201d, al poner al ISSSTE \u201ca disposici\u00f3n de todas y todos, desde el m\u00e1s alto funcionario hasta el m\u00e1s humilde trabajador\u201d, sin afectar el derecho de acudir a servicios m\u00e9dicos privados.<\/p>\n<p class=\"nota-justify\">En el acto tambi\u00e9n estuvieron presentes los ministros Ar\u00edstides Guerrero Garc\u00eda, Irving Espinosa Betanzos y Sara Irene Herrer\u00edas Guerra.<\/p>\n","protected":false},"excerpt":{"rendered":"<p>Tras cancelar los seguros de gastos m\u00e9dicos para su personal, la Suprema Corte de Justicia de la Naci\u00f3n (SCJN) firm\u00f3<\/p>\n","protected":false},"author":4,"featured_media":78652,"comment_status":"closed","ping_status":"closed","sticky":false,"template":"","format":"standard","meta":{"colormag_page_container_layout":"default_layout","colormag_page_sidebar_layout":"default_layout","_jetpack_memberships_contains_paid_content":false,"footnotes":"","jetpack_publicize_message":"","jetpack_publicize_feature_enabled":true,"jetpack_social_post_already_shared":true,"jetpack_social_options":{"image_generator_settings":{"template":"highway","default_image_id":0,"font":"","enabled":false},"version":2}},"categories":[33],"tags":[],"class_list":["post-78651","post","type-post","status-publish","format-standard","has-post-thumbnail","hentry","category-nacional"],"jetpack_publicize_connections":[],"jetpack_featured_media_url":"https:\/\/i0.wp.com\/politicosaldesnudo.com.mx\/wp-content\/uploads\/2026\/01\/RIDI.jpg?fit=634%2C476&ssl=1","jetpack-related-posts":[],"jetpack_sharing_enabled":true,"_links":{"self":[{"href":"https:\/\/politicosaldesnudo.com.mx\/index.php\/wp-json\/wp\/v2\/posts\/78651","targetHints":{"allow":["GET"]}}],"collection":[{"href":"https:\/\/politicosaldesnudo.com.mx\/index.php\/wp-json\/wp\/v2\/posts"}],"about":[{"href":"https:\/\/politicosaldesnudo.com.mx\/index.php\/wp-json\/wp\/v2\/types\/post"}],"author":[{"embeddable":true,"href":"https:\/\/politicosaldesnudo.com.mx\/index.php\/wp-json\/wp\/v2\/users\/4"}],"replies":[{"embeddable":true,"href":"https:\/\/politicosaldesnudo.com.mx\/index.php\/wp-json\/wp\/v2\/comments?post=78651"}],"version-history":[{"count":0,"href":"https:\/\/politicosaldesnudo.com.mx\/index.php\/wp-json\/wp\/v2\/posts\/78651\/revisions"}],"wp:featuredmedia":[{"embeddable":true,"href":"https:\/\/politicosaldesnudo.com.mx\/index.php\/wp-json\/wp\/v2\/media\/78652"}],"wp:attachment":[{"href":"https:\/\/politicosaldesnudo.com.mx\/index.php\/wp-json\/wp\/v2\/media?parent=78651"}],"wp:term":[{"taxonomy":"category","embeddable":true,"href":"https:\/\/politicosaldesnudo.com.mx\/index.php\/wp-json\/wp\/v2\/categories?post=78651"},{"taxonomy":"post_tag","embeddable":true,"href":"https:\/\/politicosaldesnudo.com.mx\/index.php\/wp-json\/wp\/v2\/tags?post=78651"}],"curies":[{"name":"wp","href":"https:\/\/api.w.org\/{rel}","templated":true}]}}