{"id":78672,"date":"2026-01-23T00:13:00","date_gmt":"2026-01-23T06:13:00","guid":{"rendered":"https:\/\/politicosaldesnudo.com.mx\/?p=78672"},"modified":"2026-01-22T23:41:10","modified_gmt":"2026-01-23T05:41:10","slug":"acapulco-bloquean-avenida-ruiz-cortines-por-8-horas-ante-falta-de-agua-por-mas-de-un-mes","status":"publish","type":"post","link":"https:\/\/politicosaldesnudo.com.mx\/index.php\/2026\/01\/23\/acapulco-bloquean-avenida-ruiz-cortines-por-8-horas-ante-falta-de-agua-por-mas-de-un-mes\/","title":{"rendered":"Acapulco: bloquean avenida Ruiz Cortines por 8 horas ante falta de agua por m\u00e1s de un mes"},"content":{"rendered":"<p class=\"nota-justify\"><i>Este jueves\u00a0<\/i>continuaron las manifestaciones por falta de suministro de agua potable en Acapulco. Alrededor de las 8:30 de la ma\u00f1ana, pobladores de la colonia La Laja, en la parte alta de Acapulco, bloquearon aproximadamente ocho horas la avenida Ruiz Cortines, en protesta por la falta de agua en sus hogares desde hace un mes.<\/p>\n<p class=\"nota-justify\">Los afectados insistieron que deben comprar pipas de agua, cuyo costo oscila entre los mil 500 y 2 mil pesos.<\/p>\n<p class=\"nota-justify\">Advirtieron que carecen del l\u00edquido incluso desde antes de ocurrir el sismo magnitud 6.5, del pasado 2 de enero.<\/p>\n<p class=\"nota-justify\">Al sitio acudieron funcionarios de la Comisi\u00f3n de Agua Potable y Alcantarillado del Municipio de Acapulco (Capama), quienes atendieron a los inconformes.<\/p>\n<p class=\"nota-justify\">El director de la paramunicipal, Antonio Rojas Marcial, \u00a0explic\u00f3 la problem\u00e1tica que afecta a las captaciones de agua a ra\u00edz del movimiento tel\u00farico, lo que ha provocado que el servicio no sea constante, especialmente en las zonas m\u00e1s altas de la ciudad.<\/p>\n<p class=\"nota-justify\">Rojas Marcial recorri\u00f3 las principales calles y andadores de la colonia para revisar los taponamientos de las l\u00edneas de conducci\u00f3n de agua y el funcionamiento de las v\u00e1lvulas instaladas. Aquellas que requieren mantenimiento ser\u00e1n atendidas y las que no funcionen, ser\u00e1n reemplazadas.<\/p>\n<p class=\"nota-justify\">Durante el recorrido, se inform\u00f3 que el tanque de la colonia Garita, que abastece a La Laja y la calle Victoria, ya se llen\u00f3 parcialmente y se espera que en las pr\u00f3ximas horas los vecinos cuenten con el fluido.<\/p>\n<p class=\"nota-justify\">Asimismo, se inform\u00f3 que ser\u00e1 calendarizada la distribuci\u00f3n del agua de manera semanal, para asegurar que el insumo llegue con suficiente presi\u00f3n a los hogares.<\/p>\n<p class=\"nota-justify\">Por separado, habitantes de la colonia Am\u00edn Zarur, que se encuentra por la zona de Las Cruces, se manifestaron la ma\u00f1ana del jueves en el palacio municipal, en la avenida Cuauht\u00e9moc, para exigir a la Capama el suministro de agua.<\/p>\n<p class=\"nota-justify\">En el sitio fueron atendidos por personal de Gobernaci\u00f3n municipal, que se comprometi\u00f3 a que el servicio se reanudar\u00e1 lo m\u00e1s pronto posible.<\/p>\n","protected":false},"excerpt":{"rendered":"<p>Este jueves\u00a0continuaron las manifestaciones por falta de suministro de agua potable en Acapulco. Alrededor de las 8:30 de la ma\u00f1ana,<\/p>\n","protected":false},"author":4,"featured_media":78673,"comment_status":"closed","ping_status":"closed","sticky":false,"template":"","format":"standard","meta":{"colormag_page_container_layout":"default_layout","colormag_page_sidebar_layout":"default_layout","_jetpack_memberships_contains_paid_content":false,"footnotes":"","jetpack_publicize_message":"","jetpack_publicize_feature_enabled":true,"jetpack_social_post_already_shared":true,"jetpack_social_options":{"image_generator_settings":{"template":"highway","default_image_id":0,"font":"","enabled":false},"version":2}},"categories":[30],"tags":[],"class_list":["post-78672","post","type-post","status-publish","format-standard","has-post-thumbnail","hentry","category-estados"],"jetpack_publicize_connections":[],"jetpack_featured_media_url":"https:\/\/i0.wp.com\/politicosaldesnudo.com.mx\/wp-content\/uploads\/2026\/01\/ACA.jpg?fit=1200%2C903&ssl=1","jetpack-related-posts":[],"jetpack_sharing_enabled":true,"_links":{"self":[{"href":"https:\/\/politicosaldesnudo.com.mx\/index.php\/wp-json\/wp\/v2\/posts\/78672","targetHints":{"allow":["GET"]}}],"collection":[{"href":"https:\/\/politicosaldesnudo.com.mx\/index.php\/wp-json\/wp\/v2\/posts"}],"about":[{"href":"https:\/\/politicosaldesnudo.com.mx\/index.php\/wp-json\/wp\/v2\/types\/post"}],"author":[{"embeddable":true,"href":"https:\/\/politicosaldesnudo.com.mx\/index.php\/wp-json\/wp\/v2\/users\/4"}],"replies":[{"embeddable":true,"href":"https:\/\/politicosaldesnudo.com.mx\/index.php\/wp-json\/wp\/v2\/comments?post=78672"}],"version-history":[{"count":0,"href":"https:\/\/politicosaldesnudo.com.mx\/index.php\/wp-json\/wp\/v2\/posts\/78672\/revisions"}],"wp:featuredmedia":[{"embeddable":true,"href":"https:\/\/politicosaldesnudo.com.mx\/index.php\/wp-json\/wp\/v2\/media\/78673"}],"wp:attachment":[{"href":"https:\/\/politicosaldesnudo.com.mx\/index.php\/wp-json\/wp\/v2\/media?parent=78672"}],"wp:term":[{"taxonomy":"category","embeddable":true,"href":"https:\/\/politicosaldesnudo.com.mx\/index.php\/wp-json\/wp\/v2\/categories?post=78672"},{"taxonomy":"post_tag","embeddable":true,"href":"https:\/\/politicosaldesnudo.com.mx\/index.php\/wp-json\/wp\/v2\/tags?post=78672"}],"curies":[{"name":"wp","href":"https:\/\/api.w.org\/{rel}","templated":true}]}}