{"id":78675,"date":"2026-01-23T00:14:36","date_gmt":"2026-01-23T06:14:36","guid":{"rendered":"https:\/\/politicosaldesnudo.com.mx\/?p=78675"},"modified":"2026-01-22T23:42:55","modified_gmt":"2026-01-23T05:42:55","slug":"tercera-tormenta-invernal-afectara-a-gran-parte-de-mexico-con-frio-nieve-y-fuertes-vientos","status":"publish","type":"post","link":"https:\/\/politicosaldesnudo.com.mx\/index.php\/2026\/01\/23\/tercera-tormenta-invernal-afectara-a-gran-parte-de-mexico-con-frio-nieve-y-fuertes-vientos\/","title":{"rendered":"Tercera tormenta invernal afectar\u00e1 a gran parte de M\u00e9xico con fr\u00edo, nieve y fuertes vientos"},"content":{"rendered":"<p>&nbsp;<\/p>\n<p class=\"nota-justify\">Durante este viernes se desarrollar\u00e1 la tercera tormenta invernal de la temporada, la cual, se prev\u00e9 que ingrese al territorio nacional en el transcurso del d\u00eda. Junto con los frentes fr\u00edos n\u00fameros 30 y 31 generar\u00e1n condiciones adversas, de acuerdo con el Servicio Meteorol\u00f3gico Nacional (SMN).<\/p>\n<p class=\"nota-justify\">Durante el fin de semana y hasta el martes se pronostica un marcado descenso en la temperatura y heladas en el noreste, oriente y centro del pa\u00eds, as\u00ed como en zonas altas del sureste de M\u00e9xico; ca\u00edda de nieve o aguanieve en el Nevado de Colima y en sierras de Baja California, Sonora, Sinaloa, Chihuahua, Durango, Nuevo Le\u00f3n y Coahuila, y en cimas monta\u00f1osas del centro y oriente del territorio nacional.<\/p>\n<p class=\"nota-justify\">Asimismo, se pronostica evento de Norte con rachas de 70 a 90 km\/h en Tamaulipas y Veracruz, de 40 a 60 km\/h en Tabasco, Campeche, Yucat\u00e1n, norte de Quintana Roo, e istmo y Golfo de Tehuantepec.<\/p>\n<p class=\"nota-justify\">Para el s\u00e1bado se pronostica viento con rachas de 70 a 90 kil\u00f3metros por hora (km\/h) en Coahuila, Durango y Zacatecas; de 50 a 70 km\/h en Baja California, Sonora, Chihuahua y Durango; de 40 a 60 km\/h en San Luis Potos\u00ed; de 30 a 50 km\/h en Baja California Sur, as\u00ed como evento de Norte con rachas de 70 a 90 km\/h en Tamaulipas.<\/p>\n<p class=\"nota-justify\">Se espera que las temperaturas m\u00e1s bajas ocurran el domingo y sean de -20 a -15 grados Celsius en zonas serranas de Chihuahua y de -15 a -10 grados Celsius en zonas altas de Durango y Coahuila, debido al sistema frontal n\u00famero 31 que afectar\u00e1 sobre todo el noroeste de M\u00e9xico.<\/p>\n<p class=\"nota-justify\">El director de esta instituci\u00f3n, Fabi\u00e1n V\u00e1zquez, se\u00f1al\u00f3 que este evento ser\u00e1 de larga duraci\u00f3n, puesto que el lunes y martes se esperan ambientes fr\u00edos, por debajo de los -12 grados celsius en el norte y noroeste. Por ello, recomend\u00f3 mantenerse abrigados y alertas a las indicaciones de Protecci\u00f3n Civil.<\/p>\n","protected":false},"excerpt":{"rendered":"<p>&nbsp; Durante este viernes se desarrollar\u00e1 la tercera tormenta invernal de la temporada, la cual, se prev\u00e9 que ingrese al<\/p>\n","protected":false},"author":4,"featured_media":78676,"comment_status":"closed","ping_status":"closed","sticky":false,"template":"","format":"standard","meta":{"colormag_page_container_layout":"default_layout","colormag_page_sidebar_layout":"default_layout","_jetpack_memberships_contains_paid_content":false,"footnotes":"","jetpack_publicize_message":"","jetpack_publicize_feature_enabled":true,"jetpack_social_post_already_shared":true,"jetpack_social_options":{"image_generator_settings":{"template":"highway","default_image_id":0,"font":"","enabled":false},"version":2}},"categories":[30],"tags":[],"class_list":["post-78675","post","type-post","status-publish","format-standard","has-post-thumbnail","hentry","category-estados"],"jetpack_publicize_connections":[],"jetpack_featured_media_url":"https:\/\/i0.wp.com\/politicosaldesnudo.com.mx\/wp-content\/uploads\/2026\/01\/FRI.jpg?fit=1200%2C800&ssl=1","jetpack-related-posts":[],"jetpack_sharing_enabled":true,"_links":{"self":[{"href":"https:\/\/politicosaldesnudo.com.mx\/index.php\/wp-json\/wp\/v2\/posts\/78675","targetHints":{"allow":["GET"]}}],"collection":[{"href":"https:\/\/politicosaldesnudo.com.mx\/index.php\/wp-json\/wp\/v2\/posts"}],"about":[{"href":"https:\/\/politicosaldesnudo.com.mx\/index.php\/wp-json\/wp\/v2\/types\/post"}],"author":[{"embeddable":true,"href":"https:\/\/politicosaldesnudo.com.mx\/index.php\/wp-json\/wp\/v2\/users\/4"}],"replies":[{"embeddable":true,"href":"https:\/\/politicosaldesnudo.com.mx\/index.php\/wp-json\/wp\/v2\/comments?post=78675"}],"version-history":[{"count":0,"href":"https:\/\/politicosaldesnudo.com.mx\/index.php\/wp-json\/wp\/v2\/posts\/78675\/revisions"}],"wp:featuredmedia":[{"embeddable":true,"href":"https:\/\/politicosaldesnudo.com.mx\/index.php\/wp-json\/wp\/v2\/media\/78676"}],"wp:attachment":[{"href":"https:\/\/politicosaldesnudo.com.mx\/index.php\/wp-json\/wp\/v2\/media?parent=78675"}],"wp:term":[{"taxonomy":"category","embeddable":true,"href":"https:\/\/politicosaldesnudo.com.mx\/index.php\/wp-json\/wp\/v2\/categories?post=78675"},{"taxonomy":"post_tag","embeddable":true,"href":"https:\/\/politicosaldesnudo.com.mx\/index.php\/wp-json\/wp\/v2\/tags?post=78675"}],"curies":[{"name":"wp","href":"https:\/\/api.w.org\/{rel}","templated":true}]}}