{"id":78681,"date":"2026-01-23T00:16:32","date_gmt":"2026-01-23T06:16:32","guid":{"rendered":"https:\/\/politicosaldesnudo.com.mx\/?p=78681"},"modified":"2026-01-22T23:47:38","modified_gmt":"2026-01-23T05:47:38","slug":"otorgan-bases-y-nombramientos-a-trabajadores-del-imss-de-hospitales-rurales-en-yucatan","status":"publish","type":"post","link":"https:\/\/politicosaldesnudo.com.mx\/index.php\/2026\/01\/23\/otorgan-bases-y-nombramientos-a-trabajadores-del-imss-de-hospitales-rurales-en-yucatan\/","title":{"rendered":"Otorgan bases y nombramientos a trabajadores del IMSS de hospitales rurales en Yucat\u00e1n"},"content":{"rendered":"<p class=\"nota-justify\">El director general del Instituto Mexicano del Seguro Social, Zo\u00e9 Robledo Aburto, encabez\u00f3 hoy la ceremonia de entrega de bases y nombramientos para 124 trabajadoras y trabajadores de hospitales rurales y del r\u00e9gimen ordinario del IMSS en Yucat\u00e1n, con el prop\u00f3sito de fortalecer los servicios de atenci\u00f3n a la salud de la poblaci\u00f3n.<\/p>\n<p class=\"nota-justify\">Las 124 bases y nombramientos entregados corresponden a 36 m\u00e9dicas y m\u00e9dicos; 47 enfermeras y enfermeros; tres param\u00e9dicas y param\u00e9dicos; y 38 integrantes del personal administrativo.<\/p>\n<p class=\"nota-justify\">Zo\u00e9 Robledo hizo una rese\u00f1a hist\u00f3rica desde el nacimiento de ese instituto de salud federal en 1943, en el antiguo Distrito Federal, pasando por su llegada a la entidad con una oficina administrativa en 1957, hasta la actualidad, en la que, gracias al trabajo colaborativo, se fortalecen los servicios de atenci\u00f3n m\u00e9dica en Yucat\u00e1n y se asegura la continuidad laboral de cientos de trabajadoras y trabajadores.<\/p>\n<p class=\"nota-justify\">\u201cLos servicios m\u00e9dicos del IMSS fueron hasta 1958 en Casa Palomeque, que sigue dando servicio. Esta es una de las 400 unidades del IMSS que ahora dan atenci\u00f3n m\u00e9dica todos los d\u00edas de la semana. En 2018 eran solo siete en todo M\u00e9xico; hoy son 400, y 15 en Yucat\u00e1n. De eso se trata: de seguir abriendo y fortaleciendo a la instituci\u00f3n. Esta unidad recibi\u00f3 un reconocimiento nacional por cuarto a\u00f1o consecutivo, por la calidad de su laboratorio, de entre 4,500 laboratorios p\u00fablicos y privados\u201d, destac\u00f3 el funcionario federal.<\/p>\n<p class=\"nota-justify\">En su intervenci\u00f3n, el secretario General de Gobierno de Yucat\u00e1n, Omar P\u00e9rez Avil\u00e9s, destac\u00f3 que con la entrega de bases y nombramientos se otorga estabilidad laboral, continuidad en el servicio y mejores condiciones para el personal que ofrece atenci\u00f3n en las unidades m\u00e9dicas.<\/p>\n<p class=\"nota-justify\">Desde el Centro Internacional de Congresos (CIC) de M\u00e9rida, P\u00e9rez Avil\u00e9s explic\u00f3 que estas incorporaciones fortalecen las unidades m\u00e9dicas en distintos puntos del estado y que hospitales generales y rurales, as\u00ed como Unidades de Medicina Familiar (UMF), ampl\u00edan su capacidad con personal que conoce el territorio y la realidad de las comunidades.<\/p>\n<p class=\"nota-justify\">\u201cTicul, Oxkutzcab, Izamal, Maxcan\u00fa, Acanceh, Tizim\u00edn y Motul (municipios de Yucat\u00e1n) reciben refuerzos que impactan directamente en la calidad de los servicios de salud. 2026 ser\u00e1 el A\u00f1o de la Salud en Yucat\u00e1n\u201d, se\u00f1al\u00f3.<\/p>\n<p class=\"nota-justify\">El funcionario estatal inform\u00f3 que en los pr\u00f3ximos meses iniciar\u00e1 operaciones el nuevo Hospital General \u201cDr. Agust\u00edn O\u2019Hor\u00e1n\u201d, una obra estrat\u00e9gica que marcar\u00e1 un antes y un despu\u00e9s en la atenci\u00f3n m\u00e9dica del estado, ya que posicionar\u00e1 a Yucat\u00e1n como el primer estado del pa\u00eds en firmar el convenio IMSS-Bienestar con la presidenta de M\u00e9xico, Claudia Sheinbaum Pardo, consolidando un modelo de salud p\u00fablica m\u00e1s justo, universal y eficiente.<\/p>\n","protected":false},"excerpt":{"rendered":"<p>El director general del Instituto Mexicano del Seguro Social, Zo\u00e9 Robledo Aburto, encabez\u00f3 hoy la ceremonia de entrega de bases<\/p>\n","protected":false},"author":4,"featured_media":78682,"comment_status":"closed","ping_status":"closed","sticky":false,"template":"","format":"standard","meta":{"colormag_page_container_layout":"default_layout","colormag_page_sidebar_layout":"default_layout","_jetpack_memberships_contains_paid_content":false,"footnotes":"","jetpack_publicize_message":"","jetpack_publicize_feature_enabled":true,"jetpack_social_post_already_shared":true,"jetpack_social_options":{"image_generator_settings":{"template":"highway","default_image_id":0,"font":"","enabled":false},"version":2}},"categories":[30],"tags":[],"class_list":["post-78681","post","type-post","status-publish","format-standard","has-post-thumbnail","hentry","category-estados"],"jetpack_publicize_connections":[],"jetpack_featured_media_url":"https:\/\/i0.wp.com\/politicosaldesnudo.com.mx\/wp-content\/uploads\/2026\/01\/YUIM.jpg?fit=1200%2C801&ssl=1","jetpack-related-posts":[],"jetpack_sharing_enabled":true,"_links":{"self":[{"href":"https:\/\/politicosaldesnudo.com.mx\/index.php\/wp-json\/wp\/v2\/posts\/78681","targetHints":{"allow":["GET"]}}],"collection":[{"href":"https:\/\/politicosaldesnudo.com.mx\/index.php\/wp-json\/wp\/v2\/posts"}],"about":[{"href":"https:\/\/politicosaldesnudo.com.mx\/index.php\/wp-json\/wp\/v2\/types\/post"}],"author":[{"embeddable":true,"href":"https:\/\/politicosaldesnudo.com.mx\/index.php\/wp-json\/wp\/v2\/users\/4"}],"replies":[{"embeddable":true,"href":"https:\/\/politicosaldesnudo.com.mx\/index.php\/wp-json\/wp\/v2\/comments?post=78681"}],"version-history":[{"count":0,"href":"https:\/\/politicosaldesnudo.com.mx\/index.php\/wp-json\/wp\/v2\/posts\/78681\/revisions"}],"wp:featuredmedia":[{"embeddable":true,"href":"https:\/\/politicosaldesnudo.com.mx\/index.php\/wp-json\/wp\/v2\/media\/78682"}],"wp:attachment":[{"href":"https:\/\/politicosaldesnudo.com.mx\/index.php\/wp-json\/wp\/v2\/media?parent=78681"}],"wp:term":[{"taxonomy":"category","embeddable":true,"href":"https:\/\/politicosaldesnudo.com.mx\/index.php\/wp-json\/wp\/v2\/categories?post=78681"},{"taxonomy":"post_tag","embeddable":true,"href":"https:\/\/politicosaldesnudo.com.mx\/index.php\/wp-json\/wp\/v2\/tags?post=78681"}],"curies":[{"name":"wp","href":"https:\/\/api.w.org\/{rel}","templated":true}]}}