{"id":78684,"date":"2026-01-23T00:17:25","date_gmt":"2026-01-23T06:17:25","guid":{"rendered":"https:\/\/politicosaldesnudo.com.mx\/?p=78684"},"modified":"2026-01-22T23:49:39","modified_gmt":"2026-01-23T05:49:39","slug":"trump-plantea-que-quiza-debio-probar-a-la-otan-para-frenar-la-migracion-irregular","status":"publish","type":"post","link":"https:\/\/politicosaldesnudo.com.mx\/index.php\/2026\/01\/23\/trump-plantea-que-quiza-debio-probar-a-la-otan-para-frenar-la-migracion-irregular\/","title":{"rendered":"Trump plantea que quiz\u00e1 debi\u00f3 probar a la OTAN para frenar la migraci\u00f3n irregular"},"content":{"rendered":"<p class=\"nota-justify\">El presidente de Estados Unidos, Donald Trump, sugiri\u00f3 este jueves que debi\u00f3 invocar el art\u00edculo 5 de la Organizaci\u00f3n del Tratado del Atl\u00e1ntico Norte (OTAN) para que la alianza militar desplegara efectivos en la frontera con M\u00e9xico para combatir la migraci\u00f3n irregular.<\/p>\n<p class=\"nota-justify\">\u201cTal vez deber\u00edamos haber puesto a prueba a la OTAN: invocar el Art\u00edculo 5 y obligar a la alianza a venir aqu\u00ed y proteger nuestra frontera sur de m\u00e1s invasiones de inmigrantes ilegales, liberando as\u00ed un gran n\u00famero de agentes de la patrulla fronteriza para otras tareas\u201d, public\u00f3 el mandatario en su plataforma Truth Social.<\/p>\n<p>Dicho art\u00edculo plantea una cl\u00e1usula de defensa colectiva en la que se establece que \u201clas partes acuerdan que un ataque armado contra una o m\u00e1s de ellas ser\u00e1 considerado un ataque contra todas y, en consecuencia, si tal ataque armado ocurre, cada una de ellas, en ejercicio del derecho de leg\u00edtima defensa individual o colectiva, ayudar\u00e1 a la parte o partes atacadas\u201d.<\/p>\n","protected":false},"excerpt":{"rendered":"<p>El presidente de Estados Unidos, Donald Trump, sugiri\u00f3 este jueves que debi\u00f3 invocar el art\u00edculo 5 de la Organizaci\u00f3n del<\/p>\n","protected":false},"author":4,"featured_media":78685,"comment_status":"closed","ping_status":"closed","sticky":false,"template":"","format":"standard","meta":{"colormag_page_container_layout":"default_layout","colormag_page_sidebar_layout":"default_layout","_jetpack_memberships_contains_paid_content":false,"footnotes":"","jetpack_publicize_message":"","jetpack_publicize_feature_enabled":true,"jetpack_social_post_already_shared":true,"jetpack_social_options":{"image_generator_settings":{"template":"highway","default_image_id":0,"font":"","enabled":false},"version":2}},"categories":[28],"tags":[],"class_list":["post-78684","post","type-post","status-publish","format-standard","has-post-thumbnail","hentry","category-internacional"],"jetpack_publicize_connections":[],"jetpack_featured_media_url":"https:\/\/i0.wp.com\/politicosaldesnudo.com.mx\/wp-content\/uploads\/2026\/01\/ELTRO.jpg?fit=1200%2C799&ssl=1","jetpack-related-posts":[],"jetpack_sharing_enabled":true,"_links":{"self":[{"href":"https:\/\/politicosaldesnudo.com.mx\/index.php\/wp-json\/wp\/v2\/posts\/78684","targetHints":{"allow":["GET"]}}],"collection":[{"href":"https:\/\/politicosaldesnudo.com.mx\/index.php\/wp-json\/wp\/v2\/posts"}],"about":[{"href":"https:\/\/politicosaldesnudo.com.mx\/index.php\/wp-json\/wp\/v2\/types\/post"}],"author":[{"embeddable":true,"href":"https:\/\/politicosaldesnudo.com.mx\/index.php\/wp-json\/wp\/v2\/users\/4"}],"replies":[{"embeddable":true,"href":"https:\/\/politicosaldesnudo.com.mx\/index.php\/wp-json\/wp\/v2\/comments?post=78684"}],"version-history":[{"count":0,"href":"https:\/\/politicosaldesnudo.com.mx\/index.php\/wp-json\/wp\/v2\/posts\/78684\/revisions"}],"wp:featuredmedia":[{"embeddable":true,"href":"https:\/\/politicosaldesnudo.com.mx\/index.php\/wp-json\/wp\/v2\/media\/78685"}],"wp:attachment":[{"href":"https:\/\/politicosaldesnudo.com.mx\/index.php\/wp-json\/wp\/v2\/media?parent=78684"}],"wp:term":[{"taxonomy":"category","embeddable":true,"href":"https:\/\/politicosaldesnudo.com.mx\/index.php\/wp-json\/wp\/v2\/categories?post=78684"},{"taxonomy":"post_tag","embeddable":true,"href":"https:\/\/politicosaldesnudo.com.mx\/index.php\/wp-json\/wp\/v2\/tags?post=78684"}],"curies":[{"name":"wp","href":"https:\/\/api.w.org\/{rel}","templated":true}]}}