{"id":7869,"date":"2022-07-18T01:53:22","date_gmt":"2022-07-18T06:53:22","guid":{"rendered":"https:\/\/politicosaldesnudo.com.mx\/?p=7869"},"modified":"2022-07-18T01:53:22","modified_gmt":"2022-07-18T06:53:22","slug":"calificacion-de-las-corcholatas-segun-la-ciudadania","status":"publish","type":"post","link":"https:\/\/politicosaldesnudo.com.mx\/index.php\/2022\/07\/18\/calificacion-de-las-corcholatas-segun-la-ciudadania\/","title":{"rendered":"Calificaci\u00f3n de las corcholatas seg\u00fan la ciudadan\u00eda"},"content":{"rendered":"<p class=\"p1\">\n<p class=\"p1\"><span style=\"font-size: 18pt;\"><b>Por Jos\u00e9 Ure\u00f1a<span class=\"Apple-converted-space\">\u00a0<\/span><\/b><\/span><\/p>\n<p class=\"p1\"><span style=\"font-size: 14pt;\">Todas las conocemos. Son corcholatas escogidas y promocionadas desde Palacio Nacional con el objetivo ulterior de posicionar en la candidatura oficial a la favorita.<\/span><\/p>\n<p class=\"p1\"><span style=\"font-size: 14pt;\">Todas ellas han recibido autorizaci\u00f3n para difundir las tareas del Gobierno al cual sirven, sin reflexionar si ese servicio llega a la ciudadan\u00eda.<\/span><\/p>\n<p class=\"p1\"><span style=\"font-size: 14pt;\">Pero \u00e9sta no est\u00e1 callada. No seg\u00fan una encuesta muy privada hecha para ellas mismas, a fin de medir sus avances, retrocesos, percepciones sociales y reacciones a asumir.<\/span><\/p>\n<p class=\"p1\"><span style=\"font-size: 14pt;\">La tiene las tres corcholatas m\u00e1s impulsadas desde la titularidad del Poder Ejecutivo: Claudia Sheinbaum, Marcelo Ebrard y Ad\u00e1n Augusto L\u00f3pez.<\/span><\/p>\n<p class=\"p1\"><span style=\"font-size: 14pt;\">Ricardo Monreal tendr\u00e1 sus propios estudios demosc\u00f3picos, pero \u00e9l se niega a ser llamado corcholata \u201cpor denigrante el t\u00e9rmino\u201d y no est\u00e1 en los afectos superiores para esta puja.<\/span><\/p>\n<p class=\"p1\"><span style=\"font-size: 14pt;\">Destacados son, en cambio, dos de ellos: La jefa de Gobierno es vista como favorita desde el principio del sexenio dada su gran cercan\u00eda y dependencia de L\u00f3pez Obrador desde el GDF.<\/span><\/p>\n<p class=\"p1\"><span style=\"font-size: 14pt;\">Y el secretario de Gobernaci\u00f3n, \u00faltimo en incorporarse al gabinete y por ende a la lista, pero de todas las complacencias de su amigo, paisano y socio.<\/span><\/p>\n<p>&nbsp;<\/p>\n<p class=\"p1\"><span style=\"font-size: 18pt; color: #319eca;\"><b>DEFECTOS Y VIRTUDES<\/b><\/span><\/p>\n<p class=\"p1\"><span style=\"font-size: 14pt;\">El pulso es social, m\u00e1s all\u00e1 de preferencias presidenciales.<\/span><\/p>\n<p class=\"p1\"><span style=\"font-size: 14pt;\">Y en ellas prima todav\u00eda el canciller Marcelo Ebrard, pese a la larga data de Claudia Sheinbaum con su mentor y los impulsos cada vez m\u00e1s acentuados para Ad\u00e1n Augusto L\u00f3pez.<\/span><\/p>\n<p class=\"p1\"><span style=\"font-size: 14pt;\">Cont\u00f3 tambi\u00e9n una circunstancia: el tabasque\u00f1o se recluy\u00f3 en su casa m\u00e1s de una semana y aunque estuvo pendiente de la gobernabilidad y de su estrategia personal, no aparec\u00eda en p\u00fablico.<\/span><\/p>\n<p class=\"p1\"><span style=\"font-size: 14pt;\">Ha regresado con mayor \u00e1nimo para recuperar terreno, dicen en su entorno.<\/span><\/p>\n<p class=\"p1\"><span style=\"font-size: 14pt;\">Si fructificaran su propio empe\u00f1o y el de su amigo, pronto debiera estar a la cabeza y alcanzar en preferencias al secretario de Relaciones Exteriores.<\/span><\/p>\n<p class=\"p1\"><span style=\"font-size: 14pt;\">La imagen de L\u00f3pez hacia los encuestados puede resumirse en dos conceptos: impuesto desde la Presidencia y muy cercano a L\u00f3pez Obrador.<\/span><\/p>\n<p class=\"p1\"><span style=\"font-size: 14pt;\">A Sheinbaum la identifican como subordinada y de resultados cuestionables aun con el apoyo de su jefe, con quien est\u00e1 muy comprometida.<\/span><\/p>\n<p class=\"p1\"><span style=\"font-size: 14pt;\">En ese sentido, ser\u00eda quien m\u00e1s le cubrir\u00eda la ex presidencia, dada su gran relaci\u00f3n, y quien seguir\u00eda fielmente las l\u00edneas trazadas en este sexenio.<\/span><\/p>\n<p class=\"p1\"><span style=\"font-size: 14pt;\">A Ebrard le reconocen su gran capacidad pol\u00edtica y su habilidad para operar en cualquier escenario, aunque tambi\u00e9n le advierten relaciones de intereses grupales.<\/span><\/p>\n<p class=\"p1\"><span style=\"font-size: 14pt;\">De Ricardo Monreal destacan sus ambiciones presidenciales, pero lo consideran d\u00e9bil ante los ojos del \u00fanico factor de candidaturas, el dedo presidencial.<\/span><\/p>\n<p>&nbsp;<\/p>\n<p class=\"p1\"><span style=\"font-size: 18pt; color: #319eca;\"><b>RENOVACI\u00d3N SIN OLAS<\/b><\/span><\/p>\n<p class=\"p1\"><span style=\"font-size: 14pt;\">La renovaci\u00f3n del gremio magisterial sigue sin conflictos. El SNTE de Alfonso Cepeda ha guiado elecciones libres en m\u00e1s de la mitad de las secciones sindicales y el turno de fin de semana fue para Hidalgo.<\/span><\/p>\n<p class=\"p1\"><span style=\"font-size: 14pt;\">En la Secci\u00f3n 15 gan\u00f3 la planilla Transformaci\u00f3n Sindical de Said Vargas S\u00e1enz, quien super\u00f3 con m\u00e1s de cinco mil votos a Julio Mayorga, de Somos Unidad.<\/span><\/p>\n<p class=\"p1\"><span style=\"font-size: 14pt;\">En todos los procesos Cepeda ha abierto espacios a grupos disidentes como la CNTE, el fin de semana aglutinada en la planilla Hidalgo Rojinegra.<\/span><\/p>\n<p class=\"p1\"><span style=\"font-size: 14pt;\">Apenas consigui\u00f3 mil 800 sufragios.<\/span><\/p>\n<p>&nbsp;<\/p>\n<p>&nbsp;<\/p>\n<p><span style=\"font-size: 18pt; color: #319eca;\"><em><strong>**Las columnas firmadas en este medio son responsabilidad de quienes las firman**<\/strong><\/em><\/span><\/p>\n<p>&nbsp;<\/p>\n<p>&nbsp;<\/p>\n<p>&nbsp;<\/p>\n<p>&nbsp;<\/p>\n<p>&nbsp;<\/p>\n<p>&nbsp;<\/p>\n","protected":false},"excerpt":{"rendered":"<p>Por Jos\u00e9 Ure\u00f1a\u00a0 Todas las conocemos. Son corcholatas escogidas y promocionadas desde Palacio Nacional con el objetivo ulterior de posicionar<\/p>\n","protected":false},"author":4,"featured_media":4036,"comment_status":"closed","ping_status":"closed","sticky":false,"template":"","format":"standard","meta":{"colormag_page_container_layout":"default_layout","colormag_page_sidebar_layout":"default_layout","_jetpack_memberships_contains_paid_content":false,"footnotes":"","jetpack_publicize_message":"","jetpack_publicize_feature_enabled":true,"jetpack_social_post_already_shared":false,"jetpack_social_options":{"image_generator_settings":{"template":"highway","default_image_id":0,"font":"","enabled":false},"version":2}},"categories":[26],"tags":[],"class_list":["post-7869","post","type-post","status-publish","format-standard","has-post-thumbnail","hentry","category-columnistas"],"jetpack_publicize_connections":[],"jetpack_featured_media_url":"https:\/\/i0.wp.com\/politicosaldesnudo.com.mx\/wp-content\/uploads\/2022\/04\/JOSE%CC%81-UREN%CC%83A-1.png?fit=1816%2C1016&ssl=1","jetpack-related-posts":[],"jetpack_sharing_enabled":true,"_links":{"self":[{"href":"https:\/\/politicosaldesnudo.com.mx\/index.php\/wp-json\/wp\/v2\/posts\/7869","targetHints":{"allow":["GET"]}}],"collection":[{"href":"https:\/\/politicosaldesnudo.com.mx\/index.php\/wp-json\/wp\/v2\/posts"}],"about":[{"href":"https:\/\/politicosaldesnudo.com.mx\/index.php\/wp-json\/wp\/v2\/types\/post"}],"author":[{"embeddable":true,"href":"https:\/\/politicosaldesnudo.com.mx\/index.php\/wp-json\/wp\/v2\/users\/4"}],"replies":[{"embeddable":true,"href":"https:\/\/politicosaldesnudo.com.mx\/index.php\/wp-json\/wp\/v2\/comments?post=7869"}],"version-history":[{"count":0,"href":"https:\/\/politicosaldesnudo.com.mx\/index.php\/wp-json\/wp\/v2\/posts\/7869\/revisions"}],"wp:featuredmedia":[{"embeddable":true,"href":"https:\/\/politicosaldesnudo.com.mx\/index.php\/wp-json\/wp\/v2\/media\/4036"}],"wp:attachment":[{"href":"https:\/\/politicosaldesnudo.com.mx\/index.php\/wp-json\/wp\/v2\/media?parent=7869"}],"wp:term":[{"taxonomy":"category","embeddable":true,"href":"https:\/\/politicosaldesnudo.com.mx\/index.php\/wp-json\/wp\/v2\/categories?post=7869"},{"taxonomy":"post_tag","embeddable":true,"href":"https:\/\/politicosaldesnudo.com.mx\/index.php\/wp-json\/wp\/v2\/tags?post=7869"}],"curies":[{"name":"wp","href":"https:\/\/api.w.org\/{rel}","templated":true}]}}