{"id":78690,"date":"2026-01-23T00:19:36","date_gmt":"2026-01-23T06:19:36","guid":{"rendered":"https:\/\/politicosaldesnudo.com.mx\/?p=78690"},"modified":"2026-01-22T23:52:50","modified_gmt":"2026-01-23T05:52:50","slug":"eu-oficializa-su-salida-de-la-organizacion-mundial-de-la-salud","status":"publish","type":"post","link":"https:\/\/politicosaldesnudo.com.mx\/index.php\/2026\/01\/23\/eu-oficializa-su-salida-de-la-organizacion-mundial-de-la-salud\/","title":{"rendered":"EU oficializa su salida de la Organizaci\u00f3n Mundial de la Salud"},"content":{"rendered":"<p class=\"nota-justify\">Estados Unidos finaliz\u00f3 su retiro de la Organizaci\u00f3n Mundial de la Salud (OMS), un a\u00f1o despu\u00e9s de que el presidente, Donald Trump, anunci\u00f3 que su pa\u00eds pondr\u00eda fin a su compromiso de 78 a\u00f1os, informaron funcionarios federales este jueves.<\/p>\n<p class=\"nota-justify\">La retirada de la agencia, a la cual estados Unidos debe m\u00e1s de 130 millones de d\u00f3lares, perjudicar\u00e1 la respuesta global de Washington a nuevos brotes sanitarios pues perder\u00e1 el acceso a datos de otros pa\u00edses que le podr\u00edan dar una advertencia temprana sobre una nueva pandemia.<\/p>\n<p class=\"nota-justify\">Esto obstaculizar\u00e1 la capacidad de cient\u00edficos y empresas farmac\u00e9uticas estadounidenses para desarrollar vacunas y medicamentos contra nuevas amenazas, asegur\u00f3 Lawrence Gostin, experto en derecho de salud p\u00fablica de la Universidad de Georgetown. \u201cEn mi opini\u00f3n, es la decisi\u00f3n presidencial m\u00e1s desastrosa que haya visto\u201d, afirm\u00f3.<\/p>\n<p class=\"nota-justify\">La OMS es la agencia de la ONU responsable de coordinar la respuesta a amenazas de salud globales, como brotes de viruela s\u00edmica, \u00e9bola y polio. Tambi\u00e9n brinda asistencia t\u00e9cnica a pa\u00edses m\u00e1s pobres; ayuda a distribuir vacunas, suministros y tratamientos escasos; y establece directrices para cientos de condiciones de salud, como la salud mental y el c\u00e1ncer.<\/p>\n<p class=\"nota-justify\">Funcionarios federales afirman que ya tienen relaciones de salud p\u00fablica con muchos pa\u00edses y est\u00e1n trabajando para asegurar el intercambio directo de ese tipo de informaci\u00f3n, en lugar de que la OMS act\u00fae como intermediario, aunque no detallaron cu\u00e1ntos de esos acuerdos est\u00e1n en vigor.<\/p>\n<p class=\"nota-justify\">La creaci\u00f3n de la OMS fue mi impulsada por Estados Unidos y durante mucho tiempo fue uno de los principales donantes para el organismo; contribuy\u00f3 con cientos de millones de d\u00f3lares y cientos de empleados con experiencia especializada en salud p\u00fablica.<\/p>\n<p class=\"nota-justify\">En una orden ejecutiva emitida poco despu\u00e9s de asumir el cargo, Trump dijo que Estados Unidos se retirar\u00eda de la OMS debido al mal manejo de la pandemia de COVID-19 y otras crisis de salud globales por parte del organismo. Tambi\u00e9n mencion\u00f3 el \u201cfracaso de la agencia en la adopci\u00f3n de reformas urgentes\u201d y su \u201cincapacidad para demostrar independencia de la indebida influencia pol\u00edtica de los Estados miembros\u201d.<\/p>\n<p class=\"nota-justify\">La OMS, al igual que otras organizaciones de salud p\u00fablica, cometi\u00f3 costosos errores durante la pandemia, incluida su recomendaci\u00f3n en alg\u00fan momento de la crisis de salud de que las personas no usaran mascarillas. Tambi\u00e9n afirm\u00f3 que el COVID-19 no se transmit\u00eda por el aire, una postura que no revirti\u00f3 oficialmente sino hasta 2024.<\/p>\n<p class=\"nota-justify\">Otra queja del gobierno de Trump: Ninguno de los directores ejecutivos de la OMS \u2014nueve desde la creaci\u00f3n del organismo en 1948\u2014 ha sido estadounidense, lo cual considera injusto, tomando en cuenta la magnitud de sus aportes.<\/p>\n<p class=\"nota-justify\">Los expertos afirman que la salida de Estados Unidos podr\u00eda paralizar varias iniciativas de salud global, como los esfuerzos para erradicar la polio, los programas de salud materna e infantil, y las investigaciones para identificar nuevas amenazas virales.<\/p>\n<p class=\"nota-justify\">Estados Unidos est\u00e1 obligado legalmente a pagar cualquier obligaci\u00f3n financiera pendiente, es decir que debe cubrir las cuotas de 2024 y 2025 que no pag\u00f3 y que suman m\u00e1s de 133 millones de d\u00f3lares, seg\u00fan la OMS.<\/p>\n","protected":false},"excerpt":{"rendered":"<p>Estados Unidos finaliz\u00f3 su retiro de la Organizaci\u00f3n Mundial de la Salud (OMS), un a\u00f1o despu\u00e9s de que el presidente,<\/p>\n","protected":false},"author":4,"featured_media":78691,"comment_status":"closed","ping_status":"closed","sticky":false,"template":"","format":"standard","meta":{"colormag_page_container_layout":"default_layout","colormag_page_sidebar_layout":"default_layout","_jetpack_memberships_contains_paid_content":false,"footnotes":"","jetpack_publicize_message":"","jetpack_publicize_feature_enabled":true,"jetpack_social_post_already_shared":true,"jetpack_social_options":{"image_generator_settings":{"template":"highway","default_image_id":0,"font":"","enabled":false},"version":2}},"categories":[28],"tags":[],"class_list":["post-78690","post","type-post","status-publish","format-standard","has-post-thumbnail","hentry","category-internacional"],"jetpack_publicize_connections":[],"jetpack_featured_media_url":"https:\/\/i0.wp.com\/politicosaldesnudo.com.mx\/wp-content\/uploads\/2026\/01\/SALI.jpg?fit=1200%2C800&ssl=1","jetpack-related-posts":[],"jetpack_sharing_enabled":true,"_links":{"self":[{"href":"https:\/\/politicosaldesnudo.com.mx\/index.php\/wp-json\/wp\/v2\/posts\/78690","targetHints":{"allow":["GET"]}}],"collection":[{"href":"https:\/\/politicosaldesnudo.com.mx\/index.php\/wp-json\/wp\/v2\/posts"}],"about":[{"href":"https:\/\/politicosaldesnudo.com.mx\/index.php\/wp-json\/wp\/v2\/types\/post"}],"author":[{"embeddable":true,"href":"https:\/\/politicosaldesnudo.com.mx\/index.php\/wp-json\/wp\/v2\/users\/4"}],"replies":[{"embeddable":true,"href":"https:\/\/politicosaldesnudo.com.mx\/index.php\/wp-json\/wp\/v2\/comments?post=78690"}],"version-history":[{"count":0,"href":"https:\/\/politicosaldesnudo.com.mx\/index.php\/wp-json\/wp\/v2\/posts\/78690\/revisions"}],"wp:featuredmedia":[{"embeddable":true,"href":"https:\/\/politicosaldesnudo.com.mx\/index.php\/wp-json\/wp\/v2\/media\/78691"}],"wp:attachment":[{"href":"https:\/\/politicosaldesnudo.com.mx\/index.php\/wp-json\/wp\/v2\/media?parent=78690"}],"wp:term":[{"taxonomy":"category","embeddable":true,"href":"https:\/\/politicosaldesnudo.com.mx\/index.php\/wp-json\/wp\/v2\/categories?post=78690"},{"taxonomy":"post_tag","embeddable":true,"href":"https:\/\/politicosaldesnudo.com.mx\/index.php\/wp-json\/wp\/v2\/tags?post=78690"}],"curies":[{"name":"wp","href":"https:\/\/api.w.org\/{rel}","templated":true}]}}