{"id":78693,"date":"2026-01-23T00:20:19","date_gmt":"2026-01-23T06:20:19","guid":{"rendered":"https:\/\/politicosaldesnudo.com.mx\/?p=78693"},"modified":"2026-01-22T23:54:25","modified_gmt":"2026-01-23T05:54:25","slug":"machado-se-reune-con-el-hijo-del-derrocado-sha-de-iran-e-intercambian-perspectivas","status":"publish","type":"post","link":"https:\/\/politicosaldesnudo.com.mx\/index.php\/2026\/01\/23\/machado-se-reune-con-el-hijo-del-derrocado-sha-de-iran-e-intercambian-perspectivas\/","title":{"rendered":"Machado se reune con el hijo del derrocado Sha de Ir\u00e1n e intercambian perspectivas"},"content":{"rendered":"<p class=\"nota-justify\">La opositora y Premio Nobel de la Paz 2025, Mar\u00eda Corina Machado, sostuvo este jueves un encuentro con Reza Pahlavi, el hijo del derrocado Sha de Ir\u00e1n, en el que ambos coincidieron en la necesidad de articular una respuesta com\u00fan frente a los reg\u00edmenes autoritarios.<\/p>\n<p class=\"nota-justify\">En una publicaci\u00f3n en la red social X, Machado se\u00f1al\u00f3 que intercambiaron perspectivas sobre sus respectivas luchas y que unieron esfuerzos con un prop\u00f3sito compartido: \u201cla liberaci\u00f3n de Ir\u00e1n y Venezuela de la opresi\u00f3n\u201d. Expres\u00f3 su admiraci\u00f3n por el pueblo iran\u00ed, al que describi\u00f3 como decidido a defender su futuro pese a la represi\u00f3n, y advirti\u00f3 que, mientras los reg\u00edmenes autoritarios profundizan su cooperaci\u00f3n, quienes defienden la libertad deben coordinarse de manera m\u00e1s estrecha.<\/p>\n<p class=\"nota-justify\">Coincidieron en fortalecer la cooperaci\u00f3n entre movimientos que impulsan transiciones democr\u00e1ticas y a visibilizar el impacto regional e internacional de la alianza entre ambos gobiernos.<\/p>\n<p class=\"nota-justify\">La dirigente venezolana afirm\u00f3 que la alianza entre Caracas y Teher\u00e1n ha convertido a Venezuela en un eje de la influencia iran\u00ed en el hemisferio occidental, con implicaciones para la seguridad regional.<\/p>\n","protected":false},"excerpt":{"rendered":"<p>La opositora y Premio Nobel de la Paz 2025, Mar\u00eda Corina Machado, sostuvo este jueves un encuentro con Reza Pahlavi,<\/p>\n","protected":false},"author":4,"featured_media":78694,"comment_status":"closed","ping_status":"closed","sticky":false,"template":"","format":"standard","meta":{"colormag_page_container_layout":"default_layout","colormag_page_sidebar_layout":"default_layout","_jetpack_memberships_contains_paid_content":false,"footnotes":"","jetpack_publicize_message":"","jetpack_publicize_feature_enabled":true,"jetpack_social_post_already_shared":true,"jetpack_social_options":{"image_generator_settings":{"template":"highway","default_image_id":0,"font":"","enabled":false},"version":2}},"categories":[28],"tags":[],"class_list":["post-78693","post","type-post","status-publish","format-standard","has-post-thumbnail","hentry","category-internacional"],"jetpack_publicize_connections":[],"jetpack_featured_media_url":"https:\/\/i0.wp.com\/politicosaldesnudo.com.mx\/wp-content\/uploads\/2026\/01\/SKINQES.jpg?fit=1200%2C900&ssl=1","jetpack-related-posts":[],"jetpack_sharing_enabled":true,"_links":{"self":[{"href":"https:\/\/politicosaldesnudo.com.mx\/index.php\/wp-json\/wp\/v2\/posts\/78693","targetHints":{"allow":["GET"]}}],"collection":[{"href":"https:\/\/politicosaldesnudo.com.mx\/index.php\/wp-json\/wp\/v2\/posts"}],"about":[{"href":"https:\/\/politicosaldesnudo.com.mx\/index.php\/wp-json\/wp\/v2\/types\/post"}],"author":[{"embeddable":true,"href":"https:\/\/politicosaldesnudo.com.mx\/index.php\/wp-json\/wp\/v2\/users\/4"}],"replies":[{"embeddable":true,"href":"https:\/\/politicosaldesnudo.com.mx\/index.php\/wp-json\/wp\/v2\/comments?post=78693"}],"version-history":[{"count":0,"href":"https:\/\/politicosaldesnudo.com.mx\/index.php\/wp-json\/wp\/v2\/posts\/78693\/revisions"}],"wp:featuredmedia":[{"embeddable":true,"href":"https:\/\/politicosaldesnudo.com.mx\/index.php\/wp-json\/wp\/v2\/media\/78694"}],"wp:attachment":[{"href":"https:\/\/politicosaldesnudo.com.mx\/index.php\/wp-json\/wp\/v2\/media?parent=78693"}],"wp:term":[{"taxonomy":"category","embeddable":true,"href":"https:\/\/politicosaldesnudo.com.mx\/index.php\/wp-json\/wp\/v2\/categories?post=78693"},{"taxonomy":"post_tag","embeddable":true,"href":"https:\/\/politicosaldesnudo.com.mx\/index.php\/wp-json\/wp\/v2\/tags?post=78693"}],"curies":[{"name":"wp","href":"https:\/\/api.w.org\/{rel}","templated":true}]}}