{"id":78700,"date":"2026-01-24T00:05:18","date_gmt":"2026-01-24T06:05:18","guid":{"rendered":"https:\/\/politicosaldesnudo.com.mx\/?p=78700"},"modified":"2026-01-23T22:23:28","modified_gmt":"2026-01-24T04:23:28","slug":"toma-protesta-la-dirigencia-del-frente-nacional-de-personas-juzgadoras","status":"publish","type":"post","link":"https:\/\/politicosaldesnudo.com.mx\/index.php\/2026\/01\/24\/toma-protesta-la-dirigencia-del-frente-nacional-de-personas-juzgadoras\/","title":{"rendered":"Toma protesta la dirigencia del Frente Nacional de Personas Juzgadoras"},"content":{"rendered":"<p>Jueces, magistrados y otros operadores jur\u00eddicos que forman parte del Poder Judicial de la Federaci\u00f3n (PJF), se comprometieron a emitir sentencias con independencia de intereses ajenos a la ley, \u00abgarantizar la \u00abestabilidad institucionalidad\u00bb; dar \u00ablos resultados que la sociedad anhela\u00bb con actuaciones apegadas a derecho y que respondan a las exigencias de la sociedad, lo anterior durante el acto protocolario de presentaci\u00f3n y toma protesta de la dirigencia del Frente Nacional de Personas Juzgadoras (FNPJ).<\/p>\n<p>En el acto particip\u00f3 la ministra Yasm\u00edn Esquivel Mossa, quien se\u00f1al\u00f3 que el FNPJ fue \u00abintegrado con la voluntad colectiva de fortalecer la funci\u00f3n jurisdiccional, en un momento hist\u00f3rico, trascendente para nuestro pa\u00eds, para el Poder Judicial\u00bb y para cada uno de quienes forman parte del mismo.<\/p>\n<p>\u00ab(&#8230;) La transformaci\u00f3n judicial no se lograr\u00e1 s\u00f3lo con leyes ni con la sola modificaci\u00f3n en la forma de integrar los \u00f3rganos jurisdiccionales; se lograr\u00e1 con personas comprometidas, con convicciones firmes y una orientaci\u00f3n \u00e9tica\u00bb.<\/p>\n<p>En su intervenci\u00f3n, la magistrada Celia Maya Garc\u00eda, presidenta del Tribunal de Disciplina Judicial, asegur\u00f3 que la labor del \u00f3rgano que dirige no es \u00abdescabezar\u00bb el PJF, sino \u00abun aliado que los quiere acompa\u00f1ar en su labor de impartir justicia y fortalecer su labor\u00bb.<\/p>\n<p>Durante la ceremonia realizada en el auditorio del Palacio de la Escuela de Medicina de la Universidad Nacional Aut\u00f3noma de M\u00e9xico (UNAM), \u00a0la jueza Elizabeth Trejo Gal\u00e1n dijo que esta organizaci\u00f3n nace para responder a las demandas sociales de justicia.<\/p>\n<p>En tanto, los magistrados Juan Carlos Hinojosa Zamora, Francisco Aja Garc\u00eda, Salvador OBreg\u00f3n Sandoval, as\u00ed como las magistradas Rosa Elda Mart\u00ednez Rodr\u00edguez, Lucero Grisel Mart\u00ednez, aseguraron que el FNPJ busca que juzgadores electos por el voto popular y quienes ya tienen experiencia en el PJF, trabajen de la mano e impartan \u00abjusticia con humanismo\u00bb.<\/p>\n","protected":false},"excerpt":{"rendered":"<p>Jueces, magistrados y otros operadores jur\u00eddicos que forman parte del Poder Judicial de la Federaci\u00f3n (PJF), se comprometieron a emitir<\/p>\n","protected":false},"author":4,"featured_media":78701,"comment_status":"closed","ping_status":"closed","sticky":false,"template":"","format":"standard","meta":{"colormag_page_container_layout":"default_layout","colormag_page_sidebar_layout":"default_layout","_jetpack_memberships_contains_paid_content":false,"footnotes":"","jetpack_publicize_message":"","jetpack_publicize_feature_enabled":true,"jetpack_social_post_already_shared":true,"jetpack_social_options":{"image_generator_settings":{"template":"highway","default_image_id":0,"font":"","enabled":false},"version":2}},"categories":[33],"tags":[],"class_list":["post-78700","post","type-post","status-publish","format-standard","has-post-thumbnail","hentry","category-nacional"],"jetpack_publicize_connections":[],"jetpack_featured_media_url":"https:\/\/i0.wp.com\/politicosaldesnudo.com.mx\/wp-content\/uploads\/2026\/01\/MITRS.jpg?fit=1200%2C628&ssl=1","jetpack-related-posts":[],"jetpack_sharing_enabled":true,"_links":{"self":[{"href":"https:\/\/politicosaldesnudo.com.mx\/index.php\/wp-json\/wp\/v2\/posts\/78700","targetHints":{"allow":["GET"]}}],"collection":[{"href":"https:\/\/politicosaldesnudo.com.mx\/index.php\/wp-json\/wp\/v2\/posts"}],"about":[{"href":"https:\/\/politicosaldesnudo.com.mx\/index.php\/wp-json\/wp\/v2\/types\/post"}],"author":[{"embeddable":true,"href":"https:\/\/politicosaldesnudo.com.mx\/index.php\/wp-json\/wp\/v2\/users\/4"}],"replies":[{"embeddable":true,"href":"https:\/\/politicosaldesnudo.com.mx\/index.php\/wp-json\/wp\/v2\/comments?post=78700"}],"version-history":[{"count":0,"href":"https:\/\/politicosaldesnudo.com.mx\/index.php\/wp-json\/wp\/v2\/posts\/78700\/revisions"}],"wp:featuredmedia":[{"embeddable":true,"href":"https:\/\/politicosaldesnudo.com.mx\/index.php\/wp-json\/wp\/v2\/media\/78701"}],"wp:attachment":[{"href":"https:\/\/politicosaldesnudo.com.mx\/index.php\/wp-json\/wp\/v2\/media?parent=78700"}],"wp:term":[{"taxonomy":"category","embeddable":true,"href":"https:\/\/politicosaldesnudo.com.mx\/index.php\/wp-json\/wp\/v2\/categories?post=78700"},{"taxonomy":"post_tag","embeddable":true,"href":"https:\/\/politicosaldesnudo.com.mx\/index.php\/wp-json\/wp\/v2\/tags?post=78700"}],"curies":[{"name":"wp","href":"https:\/\/api.w.org\/{rel}","templated":true}]}}