{"id":78706,"date":"2026-01-24T00:07:12","date_gmt":"2026-01-24T06:07:12","guid":{"rendered":"https:\/\/politicosaldesnudo.com.mx\/?p=78706"},"modified":"2026-01-23T22:27:27","modified_gmt":"2026-01-24T04:27:27","slug":"morena-en-san-lazaro-advierte-que-falta-de-acuerdo-con-pt-y-pvem-pone-en-riesgo-reforma-electoral","status":"publish","type":"post","link":"https:\/\/politicosaldesnudo.com.mx\/index.php\/2026\/01\/24\/morena-en-san-lazaro-advierte-que-falta-de-acuerdo-con-pt-y-pvem-pone-en-riesgo-reforma-electoral\/","title":{"rendered":"Morena en San L\u00e1zaro advierte que falta de acuerdo con PT y PVEM pone en riesgo reforma electoral"},"content":{"rendered":"<p class=\"nota-justify\">El hecho de que a\u00fan no se haya alcanzado un acuerdo entre Morena, PT y PVEM sobre la iniciativa de reforma electoral que enviar\u00e1 al Congreso la presidenta Claudia Sheinbaum \u201cs\u00ed mete presi\u00f3n\u201d y deja abierta la posibilidad de que ese proyecto finalmente no se presente, afirm\u00f3 el grupo parlamentario de Morena en la C\u00e1mara de Diputados.<\/p>\n<p class=\"nota-justify\">Entrevistado al t\u00e9rmino de su participaci\u00f3n en un foro con estudiantes universitarios, el coordinador de los guindas en San L\u00e1zaro, Ricardo Monreal \u00c1vila, indic\u00f3 que siguen los acercamientos con los partidos aliados para llegar a un acuerdo sobre la enmienda que podr\u00eda presentarse al Legislativo en febrero.<\/p>\n<p class=\"nota-justify\">\u201cContin\u00faan las reuniones. Yo estoy enterado que esta y la pr\u00f3xima semana continuar\u00e1n y que ya el d\u00eda de ayer empezaron a haber temas y seguramente empezar\u00e1n las redacciones. La presidenta Claudia Sheinbaum dijo ayer que hab\u00eda ya un borrador, que hab\u00eda proyectos de modificaci\u00f3n de art\u00edculos de la Constituci\u00f3n\u201d, se\u00f1al\u00f3 el legislador.<\/p>\n<p class=\"nota-justify\">Aunque afirm\u00f3 que tienen hasta la segunda semana del pr\u00f3ximo mes para recibir la iniciativa presidencial, Monreal admiti\u00f3 que \u201clos tiempos se nos ajustan, pero nuestro plazo es febrero. Ojal\u00e1 y el entendimiento entre los tres partidos, PT, Verde y Morena, pueda llegar a un feliz t\u00e9rmino\u201d.<\/p>\n<p class=\"nota-justify\">&#8212; \u00bfNo mete presi\u00f3n que los tiempos se vayan ajustando? \u2013 se le pregunt\u00f3.<\/p>\n<p class=\"nota-justify\">&#8212; \u201cS\u00ed, s\u00ed mete presi\u00f3n. Cada d\u00eda que pasa, s\u00ed mete presi\u00f3n. Pero tenemos de plazo hasta la segunda semana de febrero para la llegada de la iniciativa. Ojal\u00e1 y lo logremos\u201d, apunt\u00f3.<\/p>\n<p class=\"nota-justify\">Luego de se\u00f1alar nuevamente que ha sido \u201cmuy claro\u201d que sin el aval de PT y Verde \u201cno hay posibilidades de reforma constitucional\u201d, lo cual \u201ca veces no gusta\u201d, el zacatecano reconoci\u00f3 que el riesgo de ni siquiera presentar la iniciativa de enmienda \u201csigue. Si no tenemos entendimientos y acuerdos, sigue\u201d.<\/p>\n<p class=\"nota-justify\">Por otro lado, al cuestion\u00e1rsele sobre las camionetas nuevas que se compraron para los ministros de la Suprema Corte de Justicia de la Naci\u00f3n, Monreal asever\u00f3 que ese hecho \u201cme preocupa, porque nuestra filosof\u00eda como movimiento contradice ese tipo de actos. Y evidentemente, frente a la poblaci\u00f3n nos critican y nos cuestionan, y la gente que lo hace tiene raz\u00f3n\u201d.<\/p>\n<p class=\"nota-justify\">Asimismo, recalc\u00f3 que los servidores p\u00fablicos \u201ctenemos que ser ejemplo, aunque no siempre lo somos. Nos excedemos y abusamos, e incluso violamos lo que nosotros construimos como doctrina filos\u00f3fica, pero el 99 por ciento de militantes y simpatizantes de Morena cumple con ese ideario pol\u00edtico que nos propusimos. Y el 1 por ciento lo distorsionamos todo\u201d.<\/p>\n<p class=\"nota-justify\">Sin embargo, rechaz\u00f3 decir si los ministros deben reconsiderar la compra de los veh\u00edculos. \u201cEs un asunto de ellos. No me quiero meter con otro poder, porque no quiero que se metan conmigo. Pero ellos tendr\u00e1n que reflexionar. Es una autorreflexi\u00f3n y correcci\u00f3n tambi\u00e9n\u201d.<\/p>\n","protected":false},"excerpt":{"rendered":"<p>El hecho de que a\u00fan no se haya alcanzado un acuerdo entre Morena, PT y PVEM sobre la iniciativa de<\/p>\n","protected":false},"author":4,"featured_media":78707,"comment_status":"closed","ping_status":"closed","sticky":false,"template":"","format":"standard","meta":{"colormag_page_container_layout":"default_layout","colormag_page_sidebar_layout":"default_layout","_jetpack_memberships_contains_paid_content":false,"footnotes":"","jetpack_publicize_message":"","jetpack_publicize_feature_enabled":true,"jetpack_social_post_already_shared":true,"jetpack_social_options":{"image_generator_settings":{"template":"highway","default_image_id":0,"font":"","enabled":false},"version":2}},"categories":[33],"tags":[],"class_list":["post-78706","post","type-post","status-publish","format-standard","has-post-thumbnail","hentry","category-nacional"],"jetpack_publicize_connections":[],"jetpack_featured_media_url":"https:\/\/i0.wp.com\/politicosaldesnudo.com.mx\/wp-content\/uploads\/2026\/01\/SANLA.jpg?fit=1200%2C800&ssl=1","jetpack-related-posts":[],"jetpack_sharing_enabled":true,"_links":{"self":[{"href":"https:\/\/politicosaldesnudo.com.mx\/index.php\/wp-json\/wp\/v2\/posts\/78706","targetHints":{"allow":["GET"]}}],"collection":[{"href":"https:\/\/politicosaldesnudo.com.mx\/index.php\/wp-json\/wp\/v2\/posts"}],"about":[{"href":"https:\/\/politicosaldesnudo.com.mx\/index.php\/wp-json\/wp\/v2\/types\/post"}],"author":[{"embeddable":true,"href":"https:\/\/politicosaldesnudo.com.mx\/index.php\/wp-json\/wp\/v2\/users\/4"}],"replies":[{"embeddable":true,"href":"https:\/\/politicosaldesnudo.com.mx\/index.php\/wp-json\/wp\/v2\/comments?post=78706"}],"version-history":[{"count":0,"href":"https:\/\/politicosaldesnudo.com.mx\/index.php\/wp-json\/wp\/v2\/posts\/78706\/revisions"}],"wp:featuredmedia":[{"embeddable":true,"href":"https:\/\/politicosaldesnudo.com.mx\/index.php\/wp-json\/wp\/v2\/media\/78707"}],"wp:attachment":[{"href":"https:\/\/politicosaldesnudo.com.mx\/index.php\/wp-json\/wp\/v2\/media?parent=78706"}],"wp:term":[{"taxonomy":"category","embeddable":true,"href":"https:\/\/politicosaldesnudo.com.mx\/index.php\/wp-json\/wp\/v2\/categories?post=78706"},{"taxonomy":"post_tag","embeddable":true,"href":"https:\/\/politicosaldesnudo.com.mx\/index.php\/wp-json\/wp\/v2\/tags?post=78706"}],"curies":[{"name":"wp","href":"https:\/\/api.w.org\/{rel}","templated":true}]}}