{"id":78709,"date":"2026-01-24T00:08:01","date_gmt":"2026-01-24T06:08:01","guid":{"rendered":"https:\/\/politicosaldesnudo.com.mx\/?p=78709"},"modified":"2026-01-23T22:29:20","modified_gmt":"2026-01-24T04:29:20","slug":"sheinbaum-y-empresarios-de-veracruz-hablan-del-desarrollo-e-inversiones-en-la-entidad","status":"publish","type":"post","link":"https:\/\/politicosaldesnudo.com.mx\/index.php\/2026\/01\/24\/sheinbaum-y-empresarios-de-veracruz-hablan-del-desarrollo-e-inversiones-en-la-entidad\/","title":{"rendered":"Sheinbaum y empresarios de Veracruz hablan del desarrollo e inversiones en la entidad"},"content":{"rendered":"<p class=\"nota-justify\">La presidenta Claudia Sheinbaum Pardo se reuni\u00f3 con empresarios veracruzanos con quienes habl\u00f3 de la inversi\u00f3n y el desarrollo en la entidad.<\/p>\n<p class=\"nota-justify\">En el marco de su gira de trabajo de este fin de semana, la mandataria visita Veracruz, donde m\u00e1s tarde tendr\u00e1 dos actividades m\u00e1s: una sobre programas de bienestar y otra de vivienda.<\/p>\n<p class=\"nota-justify\">En redes sociales, inform\u00f3 que acompa\u00f1ada de la gobernadora Roc\u00edo Nahle se reuni\u00f3n \u201cempresarias y empresarios de Veracruz para hablar sobre el desarrollo de la entidad\u201d.<\/p>\n<p class=\"nota-justify\">Ayer, la presidenta tuvo un encuentro con empresarios poblanos, durante su visita a Puebla, donde inici\u00f3 sus actividades de este fin de semana.<\/p>\n","protected":false},"excerpt":{"rendered":"<p>La presidenta Claudia Sheinbaum Pardo se reuni\u00f3 con empresarios veracruzanos con quienes habl\u00f3 de la inversi\u00f3n y el desarrollo en<\/p>\n","protected":false},"author":4,"featured_media":78710,"comment_status":"closed","ping_status":"closed","sticky":false,"template":"","format":"standard","meta":{"colormag_page_container_layout":"default_layout","colormag_page_sidebar_layout":"default_layout","_jetpack_memberships_contains_paid_content":false,"footnotes":"","jetpack_publicize_message":"","jetpack_publicize_feature_enabled":true,"jetpack_social_post_already_shared":true,"jetpack_social_options":{"image_generator_settings":{"template":"highway","default_image_id":0,"font":"","enabled":false},"version":2}},"categories":[33],"tags":[],"class_list":["post-78709","post","type-post","status-publish","format-standard","has-post-thumbnail","hentry","category-nacional"],"jetpack_publicize_connections":[],"jetpack_featured_media_url":"https:\/\/i0.wp.com\/politicosaldesnudo.com.mx\/wp-content\/uploads\/2026\/01\/PLRS.jpg?fit=1200%2C800&ssl=1","jetpack-related-posts":[],"jetpack_sharing_enabled":true,"_links":{"self":[{"href":"https:\/\/politicosaldesnudo.com.mx\/index.php\/wp-json\/wp\/v2\/posts\/78709","targetHints":{"allow":["GET"]}}],"collection":[{"href":"https:\/\/politicosaldesnudo.com.mx\/index.php\/wp-json\/wp\/v2\/posts"}],"about":[{"href":"https:\/\/politicosaldesnudo.com.mx\/index.php\/wp-json\/wp\/v2\/types\/post"}],"author":[{"embeddable":true,"href":"https:\/\/politicosaldesnudo.com.mx\/index.php\/wp-json\/wp\/v2\/users\/4"}],"replies":[{"embeddable":true,"href":"https:\/\/politicosaldesnudo.com.mx\/index.php\/wp-json\/wp\/v2\/comments?post=78709"}],"version-history":[{"count":0,"href":"https:\/\/politicosaldesnudo.com.mx\/index.php\/wp-json\/wp\/v2\/posts\/78709\/revisions"}],"wp:featuredmedia":[{"embeddable":true,"href":"https:\/\/politicosaldesnudo.com.mx\/index.php\/wp-json\/wp\/v2\/media\/78710"}],"wp:attachment":[{"href":"https:\/\/politicosaldesnudo.com.mx\/index.php\/wp-json\/wp\/v2\/media?parent=78709"}],"wp:term":[{"taxonomy":"category","embeddable":true,"href":"https:\/\/politicosaldesnudo.com.mx\/index.php\/wp-json\/wp\/v2\/categories?post=78709"},{"taxonomy":"post_tag","embeddable":true,"href":"https:\/\/politicosaldesnudo.com.mx\/index.php\/wp-json\/wp\/v2\/tags?post=78709"}],"curies":[{"name":"wp","href":"https:\/\/api.w.org\/{rel}","templated":true}]}}